{"id":338339,"date":"2026-04-10T14:32:19","date_gmt":"2026-04-10T14:32:19","guid":{"rendered":"https:\/\/www.europesays.com\/pt\/338339\/"},"modified":"2026-04-10T14:32:19","modified_gmt":"2026-04-10T14:32:19","slug":"sequenciamento-ambiental-em-uti-identifica-hotspots-de-infeccao","status":"publish","type":"post","link":"https:\/\/www.europesays.com\/pt\/338339\/","title":{"rendered":"Sequenciamento ambiental em UTI identifica hotspots de infec\u00e7\u00e3o"},"content":{"rendered":"<p> 43 <\/p>\n<p>Uma abordagem baseada em cultivo amplo seguido de sequenciamento gen\u00f4mico demonstrou capacidade de mapear \u00e1reas cr\u00edticas de dissemina\u00e7\u00e3o bacteriana em unidades de terapia intensiva (UTI). O m\u00e9todo, mais acess\u00edvel que estrat\u00e9gias metagen\u00f4micas tradicionais, oferece uma alternativa vi\u00e1vel para vigil\u00e2ncia ambiental cont\u00ednua em ambientes hospitalares.<\/p>\n<p data-start=\"1190\" data-end=\"1584\">A vigil\u00e2ncia microbiol\u00f3gica ambiental em hospitais ainda enfrenta limita\u00e7\u00f5es operacionais e de custo, especialmente quando se busca alta resolu\u00e7\u00e3o gen\u00f4mica. Um estudo recente publicado no peri\u00f3dico Microbial Genomics avaliou uma estrat\u00e9gia baseada em \u201cplate sweeps\u201d, combinando cultivo n\u00e3o seletivo com sequenciamento, para monitorar a din\u00e2mica bacteriana em uma unidade de terapia intensiva.<\/p>\n<p data-start=\"1586\" data-end=\"1886\">A pesquisa foi conduzida em uma UTI privada rec\u00e9m-inaugurada na Austr\u00e1lia, com oito leitos, ao longo de quatro meses. Foram coletadas amostras de 78 pontos distintos da unidade, antes e ap\u00f3s a admiss\u00e3o dos primeiros pacientes, permitindo comparar a microbiota ambiental em dois cen\u00e1rios operacionais.<\/p>\n<p data-start=\"1888\" data-end=\"2299\">O fluxo metodol\u00f3gico adotado foi direto e aplic\u00e1vel \u00e0 rotina laboratorial. Ap\u00f3s coleta por swab, as amostras foram cultivadas em meio n\u00e3o seletivo. Em seguida, todo o crescimento microbiano foi recuperado das placas, processado para extra\u00e7\u00e3o de DNA e submetido ao sequenciamento em plataforma Illumina. A an\u00e1lise bioinform\u00e1tica incluiu identifica\u00e7\u00e3o taxon\u00f4mica e detec\u00e7\u00e3o de genes de resist\u00eancia antimicrobiana.<\/p>\n<p data-start=\"2301\" data-end=\"2617\">Os resultados indicaram uma mudan\u00e7a substancial na composi\u00e7\u00e3o bacteriana ap\u00f3s o in\u00edcio da ocupa\u00e7\u00e3o da unidade. Embora a taxa de crescimento positivo tenha permanecido est\u00e1vel, houve uma reconfigura\u00e7\u00e3o relevante do microbioma ambiental. Apenas tr\u00eas dos 22 g\u00eaneros identificados estavam presentes em ambos os per\u00edodos.<\/p>\n<p> <a href=\"https:\/\/api.whatsapp.com\/send\/?phone=551151925280&amp;text&amp;type=phone_number&amp;app_absent=0\" target=\"_blank\" data-penci-link=\"external\" rel=\"nofollow noopener\"><img fetchpriority=\"high\" decoding=\"async\" id=\"banner_afip_corpo\" class=\" penci-lazy advertisement banner-afip_corpo\" src=\"https:\/\/www.europesays.com\/pt\/wp-content\/uploads\/2026\/04\/10623-BANNER_NEWSLAB_1200X200-3.gif\" alt=\"AFIP\" title=\"AFIP\" width=\"1200\" height=\"200\" gtm-tag=\"banner_afip_corpo\"\/><\/a><\/p>\n<p data-start=\"2619\" data-end=\"3000\">Na avalia\u00e7\u00e3o p\u00f3s-ocupa\u00e7\u00e3o, observou-se aumento na diversidade bacteriana e maior presen\u00e7a de genes associados \u00e0 resist\u00eancia antimicrobiana, incluindo marcadores relacionados a beta-lact\u00e2micos, quinolonas e fosfomicina. Entre os g\u00eaneros predominantes estavam Pseudomonas, Delftia e Stenotrophomonas, frequentemente associados a ambientes hospitalares e a infec\u00e7\u00f5es oportunistas.<\/p>\n<p data-start=\"3002\" data-end=\"3410\">A an\u00e1lise de transmiss\u00e3o revelou 17 poss\u00edveis conex\u00f5es entre diferentes pontos amostrados em um \u00fanico momento. \u00c1reas relacionadas \u00e0 infraestrutura hidr\u00e1ulica, especialmente banheiros compartilhados, emergiram como focos relevantes de dissemina\u00e7\u00e3o bacteriana. Esse achado refor\u00e7a o papel de superf\u00edcies \u00famidas e sistemas de encanamento como reservat\u00f3rios persistentes de microrganismos em ambiente hospitalar.<\/p>\n<p> <strong data-start=\"3420\" data-end=\"3477\">Implica\u00e7\u00f5es para o diagn\u00f3stico e controle de infec\u00e7\u00e3o<\/strong> <\/p>\n<p data-start=\"3479\" data-end=\"3783\">Do ponto de vista da medicina diagn\u00f3stica, o estudo amplia o papel do laborat\u00f3rio na vigil\u00e2ncia ambiental. A abordagem de plate sweeps permite capturar uma diversidade microbiana maior do que m\u00e9todos baseados em isolamento de col\u00f4nias individuais, sem o custo elevado de an\u00e1lises metagen\u00f4micas profundas.<\/p>\n<p data-start=\"3785\" data-end=\"4006\">Na pr\u00e1tica, isso viabiliza programas de monitoramento mais frequentes e direcionados, com potencial para identificar precocemente \u00e1reas de risco e orientar interven\u00e7\u00f5es em limpeza, desinfec\u00e7\u00e3o e infraestrutura hospitalar.<\/p>\n<p data-start=\"4008\" data-end=\"4237\">Al\u00e9m disso, a detec\u00e7\u00e3o de genes de resist\u00eancia diretamente no ambiente oferece uma camada adicional de informa\u00e7\u00e3o para estrat\u00e9gias de controle de infec\u00e7\u00e3o, antecipando cen\u00e1rios de risco antes da manifesta\u00e7\u00e3o cl\u00ednica em pacientes.<\/p>\n<p> <a href=\"https:\/\/api.whatsapp.com\/send\/?phone=551151925280&amp;text&amp;type=phone_number&amp;app_absent=0\" target=\"_blank\" data-penci-link=\"external\" rel=\"nofollow noopener\"><img fetchpriority=\"high\" decoding=\"async\" id=\"banner_afip_corpo\" class=\" penci-lazy advertisement banner-afip_corpo\" src=\"https:\/\/www.europesays.com\/pt\/wp-content\/uploads\/2026\/04\/10623-BANNER_NEWSLAB_1200X200-3.gif\" alt=\"AFIP\" title=\"AFIP\" width=\"1200\" height=\"200\" gtm-tag=\"banner_afip_corpo\"\/><\/a><strong data-start=\"4247\" data-end=\"4265\">Refer\u00eancias<\/strong> <\/p>\n<p data-start=\"4267\" data-end=\"4460\"><strong data-start=\"4267\" data-end=\"4283\">Institui\u00e7\u00e3o:<\/strong> Queensland University of Technology, em colabora\u00e7\u00e3o com University of Southern Queensland, The University of Queensland e St Vincent\u2019s Private Hospital Toowoomba<\/p>\n<p data-start=\"4462\" data-end=\"4516\"><strong data-start=\"4462\" data-end=\"4476\">Peri\u00f3dico:<\/strong> Microbial Genomics<\/p>\n<p data-start=\"4518\" data-end=\"4636\"><strong data-start=\"4518\" data-end=\"4541\">Autores principais:<\/strong> Aasha McMurray-Jones, Leah W. Roberts e colaboradores<\/p>\n<p> Voc\u00ea pode estar interessado em<\/p>\n","protected":false},"excerpt":{"rendered":"43 Uma abordagem baseada em cultivo amplo seguido de sequenciamento gen\u00f4mico demonstrou capacidade de mapear \u00e1reas cr\u00edticas de&hellip;\n","protected":false},"author":2,"featured_media":338340,"comment_status":"","ping_status":"","sticky":false,"template":"","format":"standard","meta":{"footnotes":"","_share_on_mastodon":"0"},"categories":[86],"tags":[58433,11193,116,58434,58435,32,33,42027,117,58436,9661,2098],"class_list":["post-338339","post","type-post","status-publish","format-standard","has-post-thumbnail","category-saude","tag-controle-de-infeccao","tag-diagnostico-laboratorial","tag-health","tag-microbiologia-hospitalar","tag-microbioma-hospitalar","tag-portugal","tag-pt","tag-resistencia-antimicrobiana","tag-saude","tag-sequenciamento-genomico","tag-uti","tag-vigilancia-ambiental"],"share_on_mastodon":{"url":"https:\/\/pubeurope.com\/@pt\/116380903161145567","error":""},"_links":{"self":[{"href":"https:\/\/www.europesays.com\/pt\/wp-json\/wp\/v2\/posts\/338339","targetHints":{"allow":["GET"]}}],"collection":[{"href":"https:\/\/www.europesays.com\/pt\/wp-json\/wp\/v2\/posts"}],"about":[{"href":"https:\/\/www.europesays.com\/pt\/wp-json\/wp\/v2\/types\/post"}],"author":[{"embeddable":true,"href":"https:\/\/www.europesays.com\/pt\/wp-json\/wp\/v2\/users\/2"}],"replies":[{"embeddable":true,"href":"https:\/\/www.europesays.com\/pt\/wp-json\/wp\/v2\/comments?post=338339"}],"version-history":[{"count":0,"href":"https:\/\/www.europesays.com\/pt\/wp-json\/wp\/v2\/posts\/338339\/revisions"}],"wp:featuredmedia":[{"embeddable":true,"href":"https:\/\/www.europesays.com\/pt\/wp-json\/wp\/v2\/media\/338340"}],"wp:attachment":[{"href":"https:\/\/www.europesays.com\/pt\/wp-json\/wp\/v2\/media?parent=338339"}],"wp:term":[{"taxonomy":"category","embeddable":true,"href":"https:\/\/www.europesays.com\/pt\/wp-json\/wp\/v2\/categories?post=338339"},{"taxonomy":"post_tag","embeddable":true,"href":"https:\/\/www.europesays.com\/pt\/wp-json\/wp\/v2\/tags?post=338339"}],"curies":[{"name":"wp","href":"https:\/\/api.w.org\/{rel}","templated":true}]}}