{"id":338419,"date":"2026-04-10T15:32:10","date_gmt":"2026-04-10T15:32:10","guid":{"rendered":"https:\/\/www.europesays.com\/pt\/338419\/"},"modified":"2026-04-10T15:32:10","modified_gmt":"2026-04-10T15:32:10","slug":"aeroportos-europeus-arriscam-ficar-sem-jet-fuel-dentro-de-tres-semanas-aviacao","status":"publish","type":"post","link":"https:\/\/www.europesays.com\/pt\/338419\/","title":{"rendered":"Aeroportos europeus arriscam ficar sem jet fuel dentro de tr\u00eas semanas &#8211; Avia\u00e7\u00e3o"},"content":{"rendered":"<p class=\"\">&#13;<br \/>\n        Al\u00e9m do pre\u00e7o do jet fuel, que mais do que duplicou no espa\u00e7o de um m\u00eas, as companhias a\u00e9reas podem ver, daqui a poucas semanas, os seus avi\u00f5es ficarem no ch\u00e3o. Isto porque os <b>aeroportos europeus est\u00e3o a ficar sem reservas de combust\u00edvel<\/b>, dando um prazo de tr\u00eas semanas para que que tal aconte\u00e7a.&#13;\n    <\/p>\n<p class=\"\">&#13;<br \/>\n        Se o estreito de Ormuz n\u00e3o reabrir totalmente, como tem vindo a acontecer at\u00e9 agora, as<b> infraestruturas aeroportu\u00e1rias v\u00e3o enfrentar &#8220;falhas sist\u00e9micas&#8221; de jet fuel<\/b>. O alerta chega da ACI Europe, a associa\u00e7\u00e3o que representa os aeroportos da Uni\u00e3o Europeia, citada pelo Financial Times, que admite que as reservas est\u00e3o a esvaziar-se.\u00a0&#13;\n    <\/p>\n<p class=\"\">&#13;<br \/>\n        Neste momento, a <b>&#8220;atividade militar est\u00e1 a impactar&#8221; a procura por jet fuel, influenciando a gest\u00e3o das reservas<\/b> dispon\u00edveis para a avia\u00e7\u00e3o civil. A ACI Europe escreveu uma carta ao comiss\u00e1rio europeu dos transportes,\u00a0Apostolos Tzitzikostas, para <b>alertar sobre &#8220;as crescentes preocupa\u00e7\u00f5es da ind\u00fastria aeroportu\u00e1ria sobre a disponibilidade de jet fuel<\/b>, bem como a necessidade de monitoriza\u00e7\u00e3o e a\u00e7\u00e3o proativa por parte da Uni\u00e3o Europeia&#8221;.&#13;\n    <\/p>\n<p>3Combust\u00edvel<\/p>\n<p>A associa\u00e7\u00e3o dos aeroportos estima que a escassez de jet fuel chegue \u00e0s infraestruturas dentro de tr\u00eas semanas, for\u00e7ando a racionar combust\u00edvel e rotas.<\/p>\n<p class=\"\">&#13;<br \/>\n        O alerta chega ent\u00e3o de forma agressiva:<b> &#8220;Se a passagem pelo estreito de Ormuz n\u00e3o for retomada de forma significativa e est\u00e1vel dentro das pr\u00f3ximas tr\u00eas semanas, a escassez sist\u00e9mica de jet fuel est\u00e1 prestes a tornar-se uma realidade<\/b> para a Uni\u00e3o Europeia&#8221;. E, perante a chegada do ver\u00e3o, <b>todo o ecossistema do turismo pode ser afetado<\/b>, aumentando os pedidos por um acompanhamento mais pr\u00f3ximo por parte dos l\u00edderes europeus.&#13;\n    <\/p>\n<p class=\"\">&#13;<br \/>\n        H\u00e1 pa\u00edses que j\u00e1 come\u00e7aram a aplicar medidas de conten\u00e7\u00e3o para impedir gastos desnecess\u00e1rios. O Vietname \u00e9 um desses exemplos, tendo arrancado j\u00e1 opera\u00e7\u00f5es para racionar a escassez de jet fuel no mercado. At\u00e9 \u00e0 data, a Europa n\u00e3o verificou falhas com combust\u00edveis, mas o alerta vem em antecipa\u00e7\u00e3o, especialmente quando se fala de <a href=\"https:\/\/www.jornaldenegocios.pt\/empresas\/transportes\/aviacao\/detalhe\/china-esta-a-ponderar-ajudas-financeiras-a-companhias-afetadas-por-crise-no-medio-oriente\" target=\"_self\" rel=\"tag nofollow noopener\">ajudas financeiras \u00e0s companhias chinesas<\/a>, gest\u00e3o de voos por parte das transportadoras potencialmente com cancelamentos, e um <a href=\"https:\/\/www.jornaldenegocios.pt\/empresas\/detalhe\/delta-passa-a-prejuizos-de-247-milhoes-no-primeiro-trimestre-subida-do-jet-fuel-penaliza\" target=\"_self\" rel=\"tag nofollow noopener\">impacto de dois mil milh\u00f5es de d\u00f3lares nas contas da americana Delta Air Lines s\u00f3 devido ao combust\u00edvel<\/a>.\u00a0&#13;\n    <\/p>\n<p>\n    <strong data-empty=\"false\">Uma escassez no abastecimento perturbaria gravemente as opera\u00e7\u00f5es aeroportu\u00e1rias e a conectividade a\u00e9rea, com o risco de graves impactos econ\u00f3micos.<\/strong><\/p>\n<p>    ACI Europe\n<\/p>\n<p class=\"\">&#13;<br \/>\n        Na mesma carta ao comiss\u00e1rio europeu, a ACI apelou a uma coordena\u00e7\u00e3o da UE com o setor. &#8220;<b>N\u00e3o existe, por enquanto, qualquer mapeamento, avalia\u00e7\u00e3o ou acompanhamento a n\u00edvel da UE<\/b> da produ\u00e7\u00e3o e disponibilidade de combust\u00edvel para a avia\u00e7\u00e3o. <b>Uma escassez no abastecimento perturbaria gravemente as opera\u00e7\u00f5es aeroportu\u00e1rias e a conectividade a\u00e9rea, com o risco de graves impactos econ\u00f3micos para os pa\u00edses afetados e para a Europa<\/b>&#8220;, escreveram.&#13;\n    <\/p>\n<p class=\"\">&#13;<br \/>\n        De recordar que uma das recomenda\u00e7\u00f5es emitidas pela Ag\u00eancia Internacional da Energia ap\u00f3s o in\u00edcio da guerra e a perce\u00e7\u00e3o real dos danos \u00e9 a de <b>diminui\u00e7\u00e3o das viagens por avi\u00e3o, como forma destas controlarem os custos com combust\u00edvel<\/b>, mesmo tendo medidas de &#8220;hedging&#8221;, que permitirem controlar parte dos gastos. Importa ainda notar que v\u00e1rias companhias a\u00e9reas j\u00e1 notaram um aumento do pre\u00e7o dos bilhetes, permitindo mitigar os custos dos combust\u00edveis nos pr\u00f3ximos meses, sendo que a <a href=\"https:\/\/www.jornaldenegocios.pt\/empresas\/transportes\/aviacao\/detalhe\/tap-reforca-hedging-para-enfrentar-escalada-do-preco-do-jet-fuel\" target=\"_self\" rel=\"tag nofollow noopener\">portuguesa TAP<\/a> o fez notar no relat\u00f3rio em que divulgou as contas.&#13;\n    <\/p>\n","protected":false},"excerpt":{"rendered":"&#13; Al\u00e9m do pre\u00e7o do jet fuel, que mais do que duplicou no espa\u00e7o de um m\u00eas, as&hellip;\n","protected":false},"author":2,"featured_media":338420,"comment_status":"","ping_status":"","sticky":false,"template":"","format":"standard","meta":{"footnotes":"","_share_on_mastodon":"0"},"categories":[83],"tags":[58448,43706,88,855,89,90,32,17769,1503,33,636,1337],"class_list":["post-338419","post","type-post","status-publish","format-standard","has-post-thumbnail","category-empresas","tag-apostolos-tzitzikostas","tag-bom-preco","tag-business","tag-combustiveis","tag-economy","tag-empresas","tag-portugal","tag-prec","tag-precos","tag-pt","tag-uniao-europeia","tag-vietname"],"share_on_mastodon":{"url":"https:\/\/pubeurope.com\/@pt\/116381138763661544","error":""},"_links":{"self":[{"href":"https:\/\/www.europesays.com\/pt\/wp-json\/wp\/v2\/posts\/338419","targetHints":{"allow":["GET"]}}],"collection":[{"href":"https:\/\/www.europesays.com\/pt\/wp-json\/wp\/v2\/posts"}],"about":[{"href":"https:\/\/www.europesays.com\/pt\/wp-json\/wp\/v2\/types\/post"}],"author":[{"embeddable":true,"href":"https:\/\/www.europesays.com\/pt\/wp-json\/wp\/v2\/users\/2"}],"replies":[{"embeddable":true,"href":"https:\/\/www.europesays.com\/pt\/wp-json\/wp\/v2\/comments?post=338419"}],"version-history":[{"count":0,"href":"https:\/\/www.europesays.com\/pt\/wp-json\/wp\/v2\/posts\/338419\/revisions"}],"wp:featuredmedia":[{"embeddable":true,"href":"https:\/\/www.europesays.com\/pt\/wp-json\/wp\/v2\/media\/338420"}],"wp:attachment":[{"href":"https:\/\/www.europesays.com\/pt\/wp-json\/wp\/v2\/media?parent=338419"}],"wp:term":[{"taxonomy":"category","embeddable":true,"href":"https:\/\/www.europesays.com\/pt\/wp-json\/wp\/v2\/categories?post=338419"},{"taxonomy":"post_tag","embeddable":true,"href":"https:\/\/www.europesays.com\/pt\/wp-json\/wp\/v2\/tags?post=338419"}],"curies":[{"name":"wp","href":"https:\/\/api.w.org\/{rel}","templated":true}]}}