{"id":338861,"date":"2026-04-10T23:48:13","date_gmt":"2026-04-10T23:48:13","guid":{"rendered":"https:\/\/www.europesays.com\/pt\/338861\/"},"modified":"2026-04-10T23:48:13","modified_gmt":"2026-04-10T23:48:13","slug":"prestes-a-completar-64-anos-socialite-tem-fortuna-de-r-410-bilhoes-e-vendeu-mansao-de-1-400-m%c2%b2-por-r-1997-milhoes","status":"publish","type":"post","link":"https:\/\/www.europesays.com\/pt\/338861\/","title":{"rendered":"Prestes a completar 64 anos, socialite tem fortuna de R$ 410 bilh\u00f5es e vendeu mans\u00e3o de 1.400 m\u00b2 por R$ 199,7 milh\u00f5es"},"content":{"rendered":"<p>Imagine s\u00f3 ter uma fortuna t\u00e3o alta ao ponto de ser eleita a <a href=\"https:\/\/caras.com.br\/casa-dos-famosos\/eleita-a-terceira-mulher-mais-rica-do-mundo-bilionaria-vende-mansao-por-quase-r-200-milhoes.phtml\" rel=\"nofollow noopener\" target=\"_blank\">terceira mulher mais rica do mundo<\/a>. Pois \u00e9, esta \u00e9 a realidade de <strong>Julia Koch<\/strong>. Aos 63 anos e prestes a completar anivers\u00e1rio neste m\u00eas, a bilion\u00e1ria tem um patrim\u00f4nio de US$ 81,2 bilh\u00f5es, cerca de R$ 410 bilh\u00f5es. Fora dos holofotes, ela optou por uma mans\u00e3o, com aproximadamente 1.400 m\u00b2, em Nova York como seu ref\u00fagio, mas vendeu o im\u00f3vel de alto padr\u00e3o em 2023.<\/p>\n<p>A propriedade re\u00fane tudo pensado no m\u00e1ximo do conforto e lazer: amplos ambientes, \u00e1reas de lazer privativas e localiza\u00e7\u00e3o exclusiva. A venda chama aten\u00e7\u00e3o n\u00e3o apenas pelo valor astron\u00f4mico, mas tamb\u00e9m pelo perfil discreto de sua antiga propriet\u00e1ria. Saiba mais sobre a mans\u00e3o, vida pessoal e profissional de Julia Koch.<\/p>\n<p> <img loading=\"lazy\" decoding=\"async\" class=\"size-full wp-image-1099882 img-fluid lazy\" alt=\"Julia Koch \u2013 Foto: Divulga\u00e7\u00e3o\" width=\"406\" height=\"228\" src=\"https:\/\/www.europesays.com\/pt\/wp-content\/uploads\/2026\/04\/Terceira-mulher-mais-rica-2026-02-05-at-13.39.27-406x228-1.jpeg\"\/>Julia Koch \u2013 Foto: Divulga\u00e7\u00e3o <\/p>\n<p><strong>Leia tamb\u00e9m<\/strong>: <a href=\"https:\/\/caras.com.br\/casa-dos-famosos\/aos-72-anos-segunda-mulher-mais-rica-do-mundo-vive-em-apartamento-discreto-no-suburbio-de-paris.phtml\" rel=\"nofollow noopener\" target=\"_blank\">Aos 72 anos, segunda mulher mais rica do mundo vive em apartamento discreto no sub\u00farbio de Paris<\/a><\/p>\n<p> Verdadeiro para\u00edso <\/p>\n<p>Julia Koch vendeu sua mans\u00e3o de sete andares na Upper East Side no ano de 2023. O bairro \u00e9 totalmente exclusivo e re\u00fane restaurantes chiques e lojas de luxo em\u00a0<a href=\"https:\/\/caras.com.br\/casa-dos-famosos\/com-patrimonio-milionario-ator-vende-apartamento-luxuoso-em-nova-york-por-r-27-milhoes.phtml\" rel=\"nofollow noopener\" target=\"_blank\">Nova York<\/a>, nos Estados Unidos.<\/p>\n<p>O im\u00f3vel foi vendido por US$ 41 milh\u00f5es, o equivalente a R$ 199,7 milh\u00f5es, na cota\u00e7\u00e3o da \u00e9poca. O nome do comprador permaneceu an\u00f4nimo.<\/p>\n<p>A propriedade de aproximadamente 1.400 m\u00b2 conta com oito quartos e dez banheiros. Para se ter uma ideia do qu\u00e3o luxuosa \u00e9 a mans\u00e3o, s\u00f3 a su\u00edte master possui quase 140 m\u00b2. O espa\u00e7o chega a ser maior do que muitos apartamentos.<\/p>\n<p> <img loading=\"lazy\" decoding=\"async\" class=\"size-medium wp-image-1099877 img-fluid lazy\" alt=\"Julia Koch vendeu o im\u00f3vel em 2023 \u2013 Foto: Divulga\u00e7\u00e3o\" width=\"406\" height=\"228\" src=\"https:\/\/www.europesays.com\/pt\/wp-content\/uploads\/2026\/04\/Terceira-mulher-mais-rica-do-mundo-2026-04-10-at-18.36.47-2-406x228.jpeg\"  \/>Julia Koch vendeu o im\u00f3vel em 2023 \u2013 Foto: Divulga\u00e7\u00e3o Luxo e exclusividade <\/p>\n<p>Segundo informa\u00e7\u00f5es do New York Post, o im\u00f3vel de alto padr\u00e3o ainda abriga academia privativa, bares e um terra\u00e7o na cobertura. A mans\u00e3o, al\u00e9m de estar localizada em um bairro exclusivo, conta com um monitoramento muito alto, tendo sala de seguran\u00e7a. O casal comprou o im\u00f3vel em 2018 por US$ 40,25 milh\u00f5es, valor inferior ao pre\u00e7o de venda.<\/p>\n<p> <img loading=\"lazy\" decoding=\"async\" class=\"size-medium wp-image-1099878 img-fluid lazy\" alt=\"Julia Koch vendeu o im\u00f3vel em 2023 \u2013 Foto: Divulga\u00e7\u00e3o\" width=\"406\" height=\"228\" src=\"https:\/\/www.europesays.com\/pt\/wp-content\/uploads\/2026\/04\/Terceira-mulher-mais-rica-do-mundo-2026-04-10-at-18.36.47-3-406x228.jpeg\"  \/>Julia Koch vendeu o im\u00f3vel em 2023 \u2013 Foto: Divulga\u00e7\u00e3o Bilion\u00e1ria   <\/p>\n<p>Segundo levantamentos da Forbes, Julia Koch foi eleita a terceira mulher mais rica do mundo, sendo dona de um patrim\u00f4nio de US$ 81,2 bilh\u00f5es (cerca de R$ 410 bilh\u00f5es na cota\u00e7\u00e3o atual). A socialite e seus tr\u00eas filhos herdaram 42% da Koch Inc. (antiga Koch Industries), grande empresa privada dos EUA, que atua em setores como refino de im\u00f3veis e agricultura.<\/p>\n<p>Em junho de 2024, o cl\u00e3 adquiriu 15% da BSE Global por quase US$ 700 milh\u00f5es, companhia respons\u00e1vel pelas equipes Brooklyn Nets e New York Liberty<\/p>\n<p>   <img loading=\"lazy\" decoding=\"async\" class=\"size-medium wp-image-1099879 img-fluid lazy\" alt=\"Julia Koch ostenta o t\u00edtulo da terceira mulher mais rica do mundo, segundo a Forbes - Patrick McMullan | Getty Images\" width=\"406\" height=\"228\" src=\"https:\/\/www.europesays.com\/pt\/wp-content\/uploads\/2026\/04\/Terceira-mulher-mais-rica-do-mundo-2026-04-10-at-18.36.47-4-406x228.jpeg\"  \/>Julia Koch ostenta o t\u00edtulo da terceira mulher mais rica do mundo, segundo a Forbes \u2013 Patrick McMullan | Getty Images    CONFIRA UMA PUBLICA\u00c7\u00c3O RECENTE DA <a href=\"https:\/\/www.instagram.com\/carasbrasil\/\" rel=\"nofollow noopener\" target=\"_blank\">CARAS BRASIL<\/a> NAS REDES SOCIAIS E FIQUE POR DENTRO DAS NOT\u00cdCIAS DOS FAMOSOS: <\/p>\n<blockquote class=\"instagram-media\" style=\"background: #FFF; border: 0; border-radius: 3px; box-shadow: 0 0 1px 0 rgba(0,0,0,0.5),0 1px 10px 0 rgba(0,0,0,0.15); margin: 1px; max-width: 540px; min-width: 326px; padding: 0; width: calc(100% - 2px);\" data-instgrm-captioned=\"\" data-instgrm-permalink=\"https:\/\/www.instagram.com\/p\/DW67dFkFL_y\/?utm_source=ig_embed&amp;utm_campaign=loading\" data-instgrm-version=\"14\"><\/blockquote>\n<p>\t Saiba mais sobre quem \u00e9 a terceira mulher mais rica do mundo <\/p>\n<p>A famosa e seus tr\u00eas filhos herdaram participa\u00e7\u00e3o de 42% na empresa de seu marido,\u00a0<strong>David Koch<\/strong>, que faleceu em 2019, aos 79 anos.<\/p>\n<p>Nascida em 1962 em Iowa, nos Estados Unidos, a socialite conheceu seu marido, David, no come\u00e7o da d\u00e9cada de 1990 e se casaram no ano de 1996.<\/p>\n<p> O que \u00e9 ser um bilion\u00e1rio? <\/p>\n<p>Muitos podem apontar que ser um bilion\u00e1rio \u00e9 apenas uma pessoa muito rica. Por\u00e9m, ostentar este t\u00edtulo significa ter um patrim\u00f4nio l\u00edquido de pelo menos um bilh\u00e3o (1.000.000.000) de unidades monet\u00e1rias (geralmente d\u00f3lares americanos ou euros). Para se ter uma no\u00e7\u00e3o de qu\u00e3o alto \u00e9 este valor, veja o exemplo abaixo.<\/p>\n<p>No ano de 2017, o matem\u00e1tico americano\u00a0<strong>John Allen Paulos<\/strong>\u00a0exemplificou\u00a0que 1 milh\u00e3o de segundos equivale a menos de 12 dias. Logo,\u00a01 bilh\u00e3o de segundos \u00e9 quase 32 anos. Esse \u00e9 apenas um dos exemplos de qu\u00e3o alto \u00e9 este valor, ainda mais quando se fala em dinheiro. S\u00f3 para se ter uma no\u00e7\u00e3o do qu\u00e3o alto \u00e9 um\u00a0<a href=\"https:\/\/caras.com.br\/atualidades\/fortuna-dos-bilionarios-bate-recorde-e-cresce-tres-vezes-mais-rapido-totalizando-us-183-trilhoes.phtml\" rel=\"nofollow noopener\" target=\"_blank\">patrim\u00f4nio de um bilh\u00e3o.<\/a><\/p>\n<p>        <a href=\"https:\/\/caras.com.br\/autor\/felipe-franca\" rel=\"nofollow noopener\" target=\"_blank\">&#13;<br \/>\n          <img loading=\"lazy\" decoding=\"async\" alt=\"Felipe Fran\u00e7a\" src=\"https:\/\/www.europesays.com\/pt\/wp-content\/uploads\/2026\/03\/1774319293_186_whatsapp_image_2024-02-01_at_11.27.22_sqmd.jpeg\" class=\"avatar avatar-115 photo rounded-circle\" height=\"115\" width=\"115\"\/>        <\/a><\/p>\n<p><strong>Felipe Fran\u00e7a<\/strong> \u00e9 jornalista formado pela Faculdade C\u00e1sper L\u00edbero (FCL). \u00c9 rep\u00f3rter de pautas especiais do Grupo Perfil. Tem passagens pela Coluna Fl\u00e1vio Ricco, no R7, e pela TV Gazeta. Possui paix\u00e3o pelo universo da televis\u00e3o, novelas e celebridades. Gosta da arte de ouvir hist\u00f3rias e pessoas.<\/p>\n<p>\t                                            <script async src=\"\/\/www.instagram.com\/embed.js\"><\/script><\/p>\n","protected":false},"excerpt":{"rendered":"Imagine s\u00f3 ter uma fortuna t\u00e3o alta ao ponto de ser eleita a terceira mulher mais rica do&hellip;\n","protected":false},"author":2,"featured_media":338862,"comment_status":"","ping_status":"","sticky":false,"template":"","format":"standard","meta":{"footnotes":"","_share_on_mastodon":"0"},"categories":[145],"tags":[36648,211,210,114,115,58490,419,32,33,58491],"class_list":["post-338861","post","type-post","status-publish","format-standard","has-post-thumbnail","category-celebridades","tag-bilionaria","tag-celebridades","tag-celebrities","tag-entertainment","tag-entretenimento","tag-julia-koch","tag-patrimonio","tag-portugal","tag-pt","tag-terceira-mulher-mais-rica-do-mundo"],"share_on_mastodon":{"url":"https:\/\/pubeurope.com\/@pt\/116383089367765310","error":""},"_links":{"self":[{"href":"https:\/\/www.europesays.com\/pt\/wp-json\/wp\/v2\/posts\/338861","targetHints":{"allow":["GET"]}}],"collection":[{"href":"https:\/\/www.europesays.com\/pt\/wp-json\/wp\/v2\/posts"}],"about":[{"href":"https:\/\/www.europesays.com\/pt\/wp-json\/wp\/v2\/types\/post"}],"author":[{"embeddable":true,"href":"https:\/\/www.europesays.com\/pt\/wp-json\/wp\/v2\/users\/2"}],"replies":[{"embeddable":true,"href":"https:\/\/www.europesays.com\/pt\/wp-json\/wp\/v2\/comments?post=338861"}],"version-history":[{"count":0,"href":"https:\/\/www.europesays.com\/pt\/wp-json\/wp\/v2\/posts\/338861\/revisions"}],"wp:featuredmedia":[{"embeddable":true,"href":"https:\/\/www.europesays.com\/pt\/wp-json\/wp\/v2\/media\/338862"}],"wp:attachment":[{"href":"https:\/\/www.europesays.com\/pt\/wp-json\/wp\/v2\/media?parent=338861"}],"wp:term":[{"taxonomy":"category","embeddable":true,"href":"https:\/\/www.europesays.com\/pt\/wp-json\/wp\/v2\/categories?post=338861"},{"taxonomy":"post_tag","embeddable":true,"href":"https:\/\/www.europesays.com\/pt\/wp-json\/wp\/v2\/tags?post=338861"}],"curies":[{"name":"wp","href":"https:\/\/api.w.org\/{rel}","templated":true}]}}