{"id":33995,"date":"2025-08-18T06:28:08","date_gmt":"2025-08-18T06:28:08","guid":{"rendered":"https:\/\/www.europesays.com\/pt\/33995\/"},"modified":"2025-08-18T06:28:08","modified_gmt":"2025-08-18T06:28:08","slug":"se-espalha-para-o-corpo-rapidamente","status":"publish","type":"post","link":"https:\/\/www.europesays.com\/pt\/33995\/","title":{"rendered":"&#8216;Se espalha para o corpo rapidamente&#8217;"},"content":{"rendered":"<p>Adriane Galisteu detalhou um diagn\u00f3stico; em entrevista \u00e0 CARAS Brasil, o Dr. Henrique Carrascossi explica o quadro que afetou a apresentadora<\/p>\n<p>No m\u00eas fevereiro deste ano, <a href=\"https:\/\/caras.com.br\/tags\/adriane-galisteu\" rel=\"noopener nofollow\" target=\"_blank\"><strong>Adriane Galisteu<\/strong><\/a> (52) revelou que foi diagnosticada com pielonefrite. Hoje, a apresentadora est\u00e1 completamente recuperada, mas \u00e0 \u00e9poca ela detalhou que precisou de atendimento m\u00e9dico ap\u00f3s apresentar <a data-mrf-link=\"https:\/\/caras.com.br\/bem-estar\/adriane-galisteu-e-internada-apos-ferias-na-europa-e-recebe-diagnostico-monitorada.phtml\" href=\"https:\/\/caras.com.br\/bem-estar\/adriane-galisteu-e-internada-apos-ferias-na-europa-e-recebe-diagnostico-monitorada.phtml#google_vignette\" rel=\"noopener nofollow\" target=\"_blank\">febre alta.<\/a><\/p>\n<p>&#8220;Eu tive uma pielonefrite, que \u00e9 uma infec\u00e7\u00e3o urin\u00e1ria alta. Eu n\u00e3o tive cistite, eu tive febre, com um tal de uma pedrinha, um c\u00e1lculo renal que j\u00e1 estava no canal da uretra. Ele impedia o xixi de passar [&#8230;] Quando cheguei no Brasil, corri para o hospital e fiz um exame de sangue para saber o que eu tinha tido&#8221;, disse ela nas redes sociais.<\/p>\n<p>O que diz o nefrologista?<\/p>\n<p>Para entender mais sobre o assunto, a\u00a0<strong>CARAS Brasil<\/strong>\u00a0entrevista\u00a0o\u00a0<strong>Dr. Henrique Carrascossi<\/strong>, m\u00e9dico nefrologista, h\u00e1 15 anos especialista em doen\u00e7as dos rins ecoordenador do Instituto do Rim Carrascosi. Ele explica sobre o quadro.<\/p>\n<p>&#8220;A infec\u00e7\u00e3o urin\u00e1ria alta \u00e9 o que chamamos de pielonefrite. Ent\u00e3o, \u00e9 uma infec\u00e7\u00e3o urin\u00e1ria no rim, geralmente s\u00e3o infec\u00e7\u00f5es graves, pois este \u00f3rg\u00e3o \u00e9 vascularizado e um bact\u00e9ria naquele local se espalha para o corpo rapidamente&#8221;, declara.\u00a0<\/p>\n<p>Quais os sintomas?<\/p>\n<p>Os sintomas mais comuns s\u00e3o:\u00a0<\/p>\n<ul>\n<li>Febre (geralmente febre alta);<\/li>\n<li>Dor lombar na regi\u00e3o do rim;\u00a0<\/li>\n<\/ul>\n<p>&#8220;E muitas vezes n\u00e3o tem muito sinal na urina, \u00e0s vezes come\u00e7a com uma queima\u00e7\u00e3o, pode acontecer da infec\u00e7\u00e3o urin\u00e1ria ser baixa e a bact\u00e9ria subir para o rim. Ent\u00e3o, \u00e9 importante sempre tratar e procurar atendimento m\u00e9dico o mais r\u00e1pido poss\u00edvel quando tem algum sinal de infec\u00e7\u00e3o na via urin\u00e1ria&#8221;, afirma.<\/p>\n<p>Dados que chamam a aten\u00e7\u00e3o<\/p>\n<p data-mrf-recirculation=\".Link no Corpo do artigo\">Estudos da\u00a0Sociedade Brasileira de Nefrologia (SBN) apontam que cerca de 10 milh\u00f5es de brasileiros sofrem com alguma disfun\u00e7\u00e3o renal. E s\u00e3o diversos os tipos de doen\u00e7a renal que podem se manifestar na forma cr\u00f4nica ou aguda. Por isso, o Dr. Henrique chama a aten\u00e7\u00e3o.\u00a0<\/p>\n<p data-mrf-recirculation=\".Link no Corpo do artigo\">&#8220;O tratamento tem que ser r\u00e1pido, tem que ser feito exame de imagem, mas a princ\u00edpio o tratamento \u00e9 apenas cl\u00ednico, com antibi\u00f3tico, repouso e hidrata\u00e7\u00e3o. Tratada rapidamente e feito o diagn\u00f3stico rapidamente, \u00e0s vezes uma infec\u00e7\u00e3o urin\u00e1ria simples, que as pessoas n\u00e3o tratam corretamente, n\u00e3o tratada corretamente pode se tornar uma pialonefrite&#8221;, finaliza o Dr. Henrique Carrascossi ao analisar caso\u00a0<a data-mrf-link=\"https:\/\/www.instagram.com\/galisteuoficial\/\" href=\"https:\/\/www.instagram.com\/galisteuoficial\/\" rel=\"noopener nofollow\" target=\"_blank\">da apresentadora<\/a>\u00a0Adriane Galisteu.\u00a0<\/p>\n<p><strong>Leia tamb\u00e9m<\/strong>: <a href=\"https:\/\/caras.com.br\/revista\/adriane-galisteu-abre-o-coracao-ao-falar-da-mae-nao-gosto-de-ver-o-tempo-passando.phtml\" rel=\"noopener nofollow\" target=\"_blank\">Adriane Galisteu abre o cora\u00e7\u00e3o ao falar da m\u00e3e: &#8216;N\u00e3o gosto de ver o tempo passando&#8217;<\/a><\/p>\n<p>CONFIRA UMA PUBLICA\u00c7\u00c3O RECENTE DA APRESENTADORA ADRIANE GALISTEU NAS REDES SOCIAIS:<script async src=\"\/\/www.instagram.com\/embed.js\"><\/script><\/p>\n","protected":false},"excerpt":{"rendered":"Adriane Galisteu detalhou um diagn\u00f3stico; em entrevista \u00e0 CARAS Brasil, o Dr. Henrique Carrascossi explica o quadro que&hellip;\n","protected":false},"author":2,"featured_media":33996,"comment_status":"","ping_status":"","sticky":false,"template":"","format":"standard","meta":{"footnotes":"","_share_on_mastodon":"0"},"categories":[145],"tags":[3433,211,210,114,115,10810,10809,32,33],"class_list":["post-33995","post","type-post","status-publish","format-standard","has-post-thumbnail","category-celebridades","tag-adriane-galisteu","tag-celebridades","tag-celebrities","tag-entertainment","tag-entretenimento","tag-nefrologista","tag-pielonefrite","tag-portugal","tag-pt"],"share_on_mastodon":{"url":"","error":""},"_links":{"self":[{"href":"https:\/\/www.europesays.com\/pt\/wp-json\/wp\/v2\/posts\/33995","targetHints":{"allow":["GET"]}}],"collection":[{"href":"https:\/\/www.europesays.com\/pt\/wp-json\/wp\/v2\/posts"}],"about":[{"href":"https:\/\/www.europesays.com\/pt\/wp-json\/wp\/v2\/types\/post"}],"author":[{"embeddable":true,"href":"https:\/\/www.europesays.com\/pt\/wp-json\/wp\/v2\/users\/2"}],"replies":[{"embeddable":true,"href":"https:\/\/www.europesays.com\/pt\/wp-json\/wp\/v2\/comments?post=33995"}],"version-history":[{"count":0,"href":"https:\/\/www.europesays.com\/pt\/wp-json\/wp\/v2\/posts\/33995\/revisions"}],"wp:featuredmedia":[{"embeddable":true,"href":"https:\/\/www.europesays.com\/pt\/wp-json\/wp\/v2\/media\/33996"}],"wp:attachment":[{"href":"https:\/\/www.europesays.com\/pt\/wp-json\/wp\/v2\/media?parent=33995"}],"wp:term":[{"taxonomy":"category","embeddable":true,"href":"https:\/\/www.europesays.com\/pt\/wp-json\/wp\/v2\/categories?post=33995"},{"taxonomy":"post_tag","embeddable":true,"href":"https:\/\/www.europesays.com\/pt\/wp-json\/wp\/v2\/tags?post=33995"}],"curies":[{"name":"wp","href":"https:\/\/api.w.org\/{rel}","templated":true}]}}