{"id":34013,"date":"2025-08-18T07:14:16","date_gmt":"2025-08-18T07:14:16","guid":{"rendered":"https:\/\/www.europesays.com\/pt\/34013\/"},"modified":"2025-08-18T07:14:16","modified_gmt":"2025-08-18T07:14:16","slug":"danca-dos-famosos-2025-confira-as-notas-e-a-classificacao-do-segundo-dia-de-competicao","status":"publish","type":"post","link":"https:\/\/www.europesays.com\/pt\/34013\/","title":{"rendered":"Dan\u00e7a dos Famosos 2025: confira as notas e a classifica\u00e7\u00e3o do segundo dia de competi\u00e7\u00e3o"},"content":{"rendered":"<p>                        <a href=\"https:\/\/img.nsctotal.com.br\/wp-content\/uploads\/2025\/08\/Ana-Clara-no-juri-artistico-do-segundo-dia-do-Danca-dos-Famosos-2025.jpg\" data-caption=\"Ana Clara no juri art\u00edstico do segundo dia do Dan\u00e7a dos Famosos 2025\" aria-label=\"Ana Clara no juri art\u00edstico do segundo dia do Dan\u00e7a dos Famosos 2025\" rel=\"nofollow noopener\" target=\"_blank\"><img width=\"944\" height=\"531\" src=\"https:\/\/www.europesays.com\/pt\/wp-content\/uploads\/2025\/08\/Ana-Clara-no-juri-artistico-do-segundo-dia-do-Danca-dos-Famosos-2025-944x531.jpg\" class=\"attachment-custom-large size-custom-large article-featured-image\" alt=\"Ana Clara no juri art\u00edstico do segundo dia do Dan\u00e7a dos Famosos 2025\" fetchpriority=\"high\" decoding=\"async\"  \/><\/a><\/p>\n<p>Ana Clara no j\u00fari art\u00edstico do segundo dia do Dan\u00e7a dos Famosos 2025 (Foto: L\u00e9o Rosario, Globo)<\/p>\n<p>O segundo dia do Dan\u00e7a dos Famosos 2025 aconteceu neste domingo (17). O segundo ritmo a ser dan\u00e7ado nesta fase de grupos foi o Country. Al\u00e9m do j\u00fari t\u00e9cnico de Carlinhos de Jesus, Zebrinha e Ana Botafogo, Milton Cunha fixo no j\u00fari art\u00edstico e a convidada da semana foi a apresentadora Ana Clara.<\/p>\n<p>Continua depois da publicidade<\/p>\n<p>O primeiro grupo a dan\u00e7ar foi o Grupo D com \u00c1lvaro, Lucas Leto, Wanessa Camargo e Tereza Seiblitz. O segundo grupo a se apresentar foi o grupo C, com Allan Souza Lima, C\u00e1tia Fonseca, Richarlyson e Manu Bahtid\u00e3o.<\/p>\n<p>O terceiro grupo a se apresentar foi o grupo B, com David J\u00fanior, Nicole Bahls, Luan Pereira e Fernanda Paes Leme. E por fim dan\u00e7aram os participantes do Grupo A, com Rodrigo Faro, Duda Santos, Silvero Pereira e Gracyanne Barbosa.<\/p>\n<p>Como ficou a classifica\u00e7\u00e3o depois do segundo dia<\/p>\n<ul class=\"wp-block-list\">\n<li>Grupo A \u2013 111,3<\/li>\n<li>Grupo D \u2013 109,6<\/li>\n<li>Grupo C \u2013 108,4<\/li>\n<li>Grupo B \u2013 108,4<\/li>\n<\/ul>\n<p>Continua depois da publicidade<\/p>\n<p>Notas do segundo dia do Dan\u00e7a dos Famosos 2025<\/p>\n<p><strong>Grupo D (\u00c1lvaro, Lucas Leto, Wanessa Camargo e Tereza Seiblitz)<\/strong><\/p>\n<ul class=\"wp-block-list\">\n<li>Milton Cunha (j\u00fari art\u00edstico) \u2013 9.9<\/li>\n<li>Ana Clara (j\u00fari art\u00edstico) \u2013 10<\/li>\n<li>Carlinhos de Jesus (j\u00fari t\u00e9cnico) \u2013 8.4<\/li>\n<li>Ana Botafogo (j\u00fari t\u00e9cnico) \u2013 8.6<\/li>\n<li>Zebrinha (j\u00fari t\u00e9cnico) \u2013 8.7<\/li>\n<li>Plateia \u2013 9<\/li>\n<\/ul>\n<p><strong>Grupo C<\/strong> <strong>(Allan Souza Lima, C\u00e1tia Fonseca, Richarlyson e Manu Bahtid\u00e3o)<\/strong><\/p>\n<ul class=\"wp-block-list\">\n<li>Milton Cunha (j\u00fari art\u00edstico) \u2013 9.4<\/li>\n<li>Ana Clara (j\u00fari art\u00edstico) \u2013 10<\/li>\n<li>Carlinhos de Jesus (j\u00fari t\u00e9cnico) \u2013 8.4<\/li>\n<li>Ana Botafogo (j\u00fari t\u00e9cnico) \u2013 8.6<\/li>\n<li>Zebrinha (j\u00fari t\u00e9cnico) \u2013 8.6<\/li>\n<li>Plateia \u2013 9.4<\/li>\n<\/ul>\n<p>Continua depois da publicidade<\/p>\n<p><strong>Grupo B (David J\u00fanior, Nicole Bahls, Luan Pereira e Fernanda Paes Leme)<\/strong><\/p>\n<ul class=\"wp-block-list\">\n<li>Milton Cunha (j\u00fari art\u00edstico) \u2013 9.6<\/li>\n<li>Ana Clara (j\u00fari art\u00edstico) \u2013 10<\/li>\n<li>Carlinhos de Jesus (j\u00fari t\u00e9cnico) \u2013 8.4<\/li>\n<li>Ana Botafogo (j\u00fari t\u00e9cnico) \u2013 8.7<\/li>\n<li>Zebrinha (j\u00fari t\u00e9cnico) \u2013 8.5<\/li>\n<li>Plateia \u2013 9.6<\/li>\n<\/ul>\n<p><strong>Grupo A (Rodrigo Faro, Duda Santos, Silvero Pereira e Gracyanne Barbosa)<\/strong><\/p>\n<ul class=\"wp-block-list\">\n<li>Milton Cunha (j\u00fari art\u00edstico) \u2013 9.8<\/li>\n<li>Ana Clara (j\u00fari art\u00edstico) \u2013 10<\/li>\n<li>Carlinhos de Jesus (j\u00fari t\u00e9cnico) \u2013 8.5<\/li>\n<li>Ana Botafogo (j\u00fari t\u00e9cnico) \u2013 8.8<\/li>\n<li>Zebrinha (j\u00fari t\u00e9cnico) \u2013 8.8<\/li>\n<li>Plateia \u2013 9.8<\/li>\n<\/ul>\n<p>Confira os participantes do Dan\u00e7a dos Famosos 2025<a href=\"https:\/\/www.europesays.com\/pt\/wp-content\/uploads\/2025\/08\/1755501248_435_Confira-os-participantes-do-Danca-dos-Famosos-2025-5.jpg\"><a href=\"https:\/\/www.europesays.com\/pt\/wp-content\/uploads\/2025\/08\/1755501248_435_Confira-os-participantes-do-Danca-dos-Famosos-2025-5.jpg\" aria-label=\"Imagem da Galeria\"><img loading=\"lazy\" decoding=\"async\" width=\"1200\" height=\"675\" data-id=\"7598772\" src=\"https:\/\/www.europesays.com\/pt\/wp-content\/uploads\/2025\/08\/1755501248_435_Confira-os-participantes-do-Danca-dos-Famosos-2025-5.jpg\" alt=\"Confira os participantes do Dan\u00e7a dos Famosos 2025 \" class=\"wp-image-7598772\"  \/><\/a><\/p>\n<p>Silvero Pereira (Foto: Leo Rosario, Globo)<\/p>\n<p><a href=\"https:\/\/www.europesays.com\/pt\/wp-content\/uploads\/2025\/08\/Confira-os-participantes-do-Danca-dos-Famosos-2025-6.jpg\"><a href=\"https:\/\/www.europesays.com\/pt\/wp-content\/uploads\/2025\/08\/Confira-os-participantes-do-Danca-dos-Famosos-2025-6.jpg\" aria-label=\"Imagem da Galeria\"><img loading=\"lazy\" decoding=\"async\" width=\"1200\" height=\"675\" data-id=\"7598774\" src=\"https:\/\/www.europesays.com\/pt\/wp-content\/uploads\/2025\/08\/Confira-os-participantes-do-Danca-dos-Famosos-2025-6.jpg\" alt=\"\" class=\"wp-image-7598774\"  \/><\/a><\/p>\n<p>Duda Santos (Foto: Leo Rosario, Globo)<\/p>\n<p><a href=\"https:\/\/www.europesays.com\/pt\/wp-content\/uploads\/2025\/08\/1754869578_906_Confira-os-participantes-do-Danca-dos-Famosos-2025-7.jpg\"><a href=\"https:\/\/www.europesays.com\/pt\/wp-content\/uploads\/2025\/08\/1754869578_906_Confira-os-participantes-do-Danca-dos-Famosos-2025-7.jpg\" aria-label=\"Imagem da Galeria\"><img loading=\"lazy\" decoding=\"async\" width=\"1200\" height=\"675\" data-id=\"7598775\" src=\"https:\/\/www.europesays.com\/pt\/wp-content\/uploads\/2025\/08\/1754869578_906_Confira-os-participantes-do-Danca-dos-Famosos-2025-7.jpg\" alt=\"Confira os participantes do Dan\u00e7a dos Famosos 2025 \" class=\"wp-image-7598775\"  \/><\/a><\/p>\n<p>Wanessa (Foto: Leo Rosario, Globo)<\/p>\n<p><a href=\"https:\/\/www.europesays.com\/pt\/wp-content\/uploads\/2025\/08\/1754869578_235_Confira-os-participantes-do-Danca-dos-Famosos-2025-8.jpg\"><a href=\"https:\/\/www.europesays.com\/pt\/wp-content\/uploads\/2025\/08\/1754869578_235_Confira-os-participantes-do-Danca-dos-Famosos-2025-8.jpg\" aria-label=\"Imagem da Galeria\"><img loading=\"lazy\" decoding=\"async\" width=\"1200\" height=\"675\" data-id=\"7598776\" src=\"https:\/\/www.europesays.com\/pt\/wp-content\/uploads\/2025\/08\/1754869578_235_Confira-os-participantes-do-Danca-dos-Famosos-2025-8.jpg\" alt=\"\" class=\"wp-image-7598776\"  \/><\/a><\/p>\n<p>\u00c1lvaro (Foto: Leo Rosario, Globo)<\/p>\n<p><a href=\"https:\/\/www.europesays.com\/pt\/wp-content\/uploads\/2025\/08\/1755501251_322_Confira-os-participantes-do-Danca-dos-Famosos-2025-9.jpg\"><a href=\"https:\/\/www.europesays.com\/pt\/wp-content\/uploads\/2025\/08\/1755501251_322_Confira-os-participantes-do-Danca-dos-Famosos-2025-9.jpg\" aria-label=\"Imagem da Galeria\"><img loading=\"lazy\" decoding=\"async\" width=\"1200\" height=\"675\" data-id=\"7598777\" src=\"https:\/\/www.europesays.com\/pt\/wp-content\/uploads\/2025\/08\/1755501251_322_Confira-os-participantes-do-Danca-dos-Famosos-2025-9.jpg\" alt=\"Confira os participantes do Dan\u00e7a dos Famosos 2025 \" class=\"wp-image-7598777\"  \/><\/a><\/p>\n<p>Tereza Seiblitz (Foto: Leo Rosario, Globo)<\/p>\n<p><a href=\"https:\/\/www.europesays.com\/pt\/wp-content\/uploads\/2025\/08\/1754869578_538_Confira-os-participantes-do-Danca-dos-Famosos-2025-10.jpg\"><a href=\"https:\/\/www.europesays.com\/pt\/wp-content\/uploads\/2025\/08\/1754869578_538_Confira-os-participantes-do-Danca-dos-Famosos-2025-10.jpg\" aria-label=\"Imagem da Galeria\"><img loading=\"lazy\" decoding=\"async\" width=\"1200\" height=\"675\" data-id=\"7598778\" src=\"https:\/\/www.europesays.com\/pt\/wp-content\/uploads\/2025\/08\/1754869578_538_Confira-os-participantes-do-Danca-dos-Famosos-2025-10.jpg\" alt=\"\" class=\"wp-image-7598778\"  \/><\/a><\/p>\n<p>Rodrigo Faro (Foto: Leo Rosario, Globo)<\/p>\n<p><a href=\"https:\/\/www.europesays.com\/pt\/wp-content\/uploads\/2025\/08\/1755501252_984_Confira-os-participantes-do-Danca-dos-Famosos-2025-11.jpg\"><a href=\"https:\/\/www.europesays.com\/pt\/wp-content\/uploads\/2025\/08\/1755501252_984_Confira-os-participantes-do-Danca-dos-Famosos-2025-11.jpg\" aria-label=\"Imagem da Galeria\"><img loading=\"lazy\" decoding=\"async\" width=\"1200\" height=\"675\" data-id=\"7598779\" src=\"https:\/\/www.europesays.com\/pt\/wp-content\/uploads\/2025\/08\/1755501252_984_Confira-os-participantes-do-Danca-dos-Famosos-2025-11.jpg\" alt=\"Confira os participantes do Dan\u00e7a dos Famosos 2025 \" class=\"wp-image-7598779\"  \/><\/a><\/p>\n<p>Gracyanne Barbosa (Foto: Leo Rosario, Globo)<\/p>\n<p><a href=\"https:\/\/www.europesays.com\/pt\/wp-content\/uploads\/2025\/08\/1755501253_539_Confira-os-participantes-do-Danca-dos-Famosos-2025-2.jpg\"><a href=\"https:\/\/www.europesays.com\/pt\/wp-content\/uploads\/2025\/08\/1755501253_539_Confira-os-participantes-do-Danca-dos-Famosos-2025-2.jpg\" aria-label=\"Imagem da Galeria\"><img loading=\"lazy\" decoding=\"async\" width=\"1200\" height=\"675\" data-id=\"7598785\" src=\"https:\/\/www.europesays.com\/pt\/wp-content\/uploads\/2025\/08\/1755501253_539_Confira-os-participantes-do-Danca-dos-Famosos-2025-2.jpg\" alt=\"\" class=\"wp-image-7598785\"  \/><\/a><\/p>\n<p>Nicole Bahls (Foto: Leo Rosario, Globo)<\/p>\n<p><a href=\"https:\/\/www.europesays.com\/pt\/wp-content\/uploads\/2025\/08\/1754869579_775_Confira-os-participantes-do-Danca-dos-Famosos-2025-12.jpg\"><a href=\"https:\/\/www.europesays.com\/pt\/wp-content\/uploads\/2025\/08\/1754869579_775_Confira-os-participantes-do-Danca-dos-Famosos-2025-12.jpg\" aria-label=\"Imagem da Galeria\"><img loading=\"lazy\" decoding=\"async\" width=\"1200\" height=\"675\" data-id=\"7598780\" src=\"https:\/\/www.europesays.com\/pt\/wp-content\/uploads\/2025\/08\/1754869579_775_Confira-os-participantes-do-Danca-dos-Famosos-2025-12.jpg\" alt=\"Confira os participantes do Dan\u00e7a dos Famosos 2025 \" class=\"wp-image-7598780\"  \/><\/a><\/p>\n<p>Luan Pereira (Foto: Leo Rosario, Globo)<\/p>\n<p><a href=\"https:\/\/www.europesays.com\/pt\/wp-content\/uploads\/2025\/08\/1755501254_817_Confira-os-participantes-do-Danca-dos-Famosos-2025-3.jpg\"><a href=\"https:\/\/www.europesays.com\/pt\/wp-content\/uploads\/2025\/08\/1755501254_817_Confira-os-participantes-do-Danca-dos-Famosos-2025-3.jpg\" aria-label=\"Imagem da Galeria\"><img loading=\"lazy\" decoding=\"async\" width=\"1200\" height=\"675\" data-id=\"7598786\" src=\"https:\/\/www.europesays.com\/pt\/wp-content\/uploads\/2025\/08\/1755501254_817_Confira-os-participantes-do-Danca-dos-Famosos-2025-3.jpg\" alt=\"\" class=\"wp-image-7598786\"  \/><\/a><\/p>\n<p>David Junior (Foto: Leo Rosario, Globo)<\/p>\n<p><a href=\"https:\/\/www.europesays.com\/pt\/wp-content\/uploads\/2025\/08\/1755501254_634_Confira-os-participantes-do-Danca-dos-Famosos-2025-4.jpg\"><a href=\"https:\/\/www.europesays.com\/pt\/wp-content\/uploads\/2025\/08\/1755501254_634_Confira-os-participantes-do-Danca-dos-Famosos-2025-4.jpg\" aria-label=\"Imagem da Galeria\"><img loading=\"lazy\" decoding=\"async\" width=\"1200\" height=\"675\" data-id=\"7598787\" src=\"https:\/\/www.europesays.com\/pt\/wp-content\/uploads\/2025\/08\/1755501254_634_Confira-os-participantes-do-Danca-dos-Famosos-2025-4.jpg\" alt=\"Confira os participantes do Dan\u00e7a dos Famosos 2025 \" class=\"wp-image-7598787\"  \/><\/a><\/p>\n<p>Allan Souza Lima (Foto: Leo Rosario, Globo)<\/p>\n<p><a href=\"https:\/\/www.europesays.com\/pt\/wp-content\/uploads\/2025\/08\/Confira-os-participantes-do-Danca-dos-Famosos-2025-1.jpg\"><a href=\"https:\/\/www.europesays.com\/pt\/wp-content\/uploads\/2025\/08\/Confira-os-participantes-do-Danca-dos-Famosos-2025-1.jpg\" aria-label=\"Imagem da Galeria\"><img loading=\"lazy\" decoding=\"async\" width=\"1200\" height=\"675\" data-id=\"7598788\" src=\"https:\/\/www.europesays.com\/pt\/wp-content\/uploads\/2025\/08\/Confira-os-participantes-do-Danca-dos-Famosos-2025-1.jpg\" alt=\"\" class=\"wp-image-7598788\"  \/><\/a><\/p>\n<p>Manu Bahtid\u00e3o (Foto: Leo Rosario, Globo)<\/p>\n<p><a href=\"https:\/\/www.europesays.com\/pt\/wp-content\/uploads\/2025\/08\/Confira-os-participantes-do-Danca-dos-Famosos-2025-2-1.jpg\"><a href=\"https:\/\/www.europesays.com\/pt\/wp-content\/uploads\/2025\/08\/Confira-os-participantes-do-Danca-dos-Famosos-2025-2-1.jpg\" aria-label=\"Imagem da Galeria\"><img loading=\"lazy\" decoding=\"async\" width=\"1200\" height=\"675\" data-id=\"7615694\" src=\"https:\/\/www.europesays.com\/pt\/wp-content\/uploads\/2025\/08\/Confira-os-participantes-do-Danca-dos-Famosos-2025-2-1.jpg\" alt=\"\" class=\"wp-image-7615694\"  \/><\/a><\/p>\n<p>C\u00e1tia Fonseca (Foto: Leo Rosario, Globo)<\/p>\n<p><a href=\"https:\/\/www.europesays.com\/pt\/wp-content\/uploads\/2025\/08\/Confira-os-participantes-do-Danca-dos-Famosos-2025-3-1.jpg\"><a href=\"https:\/\/www.europesays.com\/pt\/wp-content\/uploads\/2025\/08\/Confira-os-participantes-do-Danca-dos-Famosos-2025-3-1.jpg\" aria-label=\"Imagem da Galeria\"><img loading=\"lazy\" decoding=\"async\" width=\"1200\" height=\"675\" data-id=\"7615697\" src=\"https:\/\/www.europesays.com\/pt\/wp-content\/uploads\/2025\/08\/Confira-os-participantes-do-Danca-dos-Famosos-2025-3-1.jpg\" alt=\"\" class=\"wp-image-7615697\"  \/><\/a><\/p>\n<p>Fernanda Paes Leme (Foto: Leo Rosario, Globo)<\/p>\n<p><a href=\"https:\/\/www.europesays.com\/pt\/wp-content\/uploads\/2025\/08\/Confira-os-participantes-do-Danca-dos-Famosos-2025-4-1.jpg\"><a href=\"https:\/\/www.europesays.com\/pt\/wp-content\/uploads\/2025\/08\/Confira-os-participantes-do-Danca-dos-Famosos-2025-4-1.jpg\" aria-label=\"Imagem da Galeria\"><img loading=\"lazy\" decoding=\"async\" width=\"1200\" height=\"675\" data-id=\"7615695\" src=\"https:\/\/www.europesays.com\/pt\/wp-content\/uploads\/2025\/08\/Confira-os-participantes-do-Danca-dos-Famosos-2025-4-1.jpg\" alt=\"\" class=\"wp-image-7615695\"  \/><\/a><\/p>\n<p>Lucas Leto (Foto: Leo Rosario, Globo)<\/p>\n<p><a href=\"https:\/\/www.europesays.com\/pt\/wp-content\/uploads\/2025\/08\/Confira-os-participantes-do-Danca-dos-Famosos-2025-16.jpg\"><a href=\"https:\/\/www.europesays.com\/pt\/wp-content\/uploads\/2025\/08\/Confira-os-participantes-do-Danca-dos-Famosos-2025-16.jpg\" aria-label=\"Imagem da Galeria\"><img loading=\"lazy\" decoding=\"async\" width=\"1200\" height=\"675\" data-id=\"7615696\" src=\"https:\/\/www.europesays.com\/pt\/wp-content\/uploads\/2025\/08\/Confira-os-participantes-do-Danca-dos-Famosos-2025-16.jpg\" alt=\"\" class=\"wp-image-7615696\"  \/><\/a><\/p>\n<p>Richarlyson (Foto: Leo Rosario, Globo)<\/p>\n<p>VoltarAvan\u00e7ar<\/p>\n<p>Continua depois da publicidade<\/p>\n<p><strong><a href=\"https:\/\/www.nsctotal.com.br\/noticias\/chef-de-alto-nivel-conheca-os-24-participantes-do-novo-reality-show-da-globo\" target=\"_blank\" rel=\"noreferrer noopener nofollow\">Chef de Alto N\u00edvel: Conhe\u00e7a os 24 participantes do novo reality show da Globo<\/a><\/strong><\/p>\n<p><strong><a href=\"https:\/\/www.nsctotal.com.br\/noticias\/conheca-os-14-participantes-do-estrela-da-casa-2025-e-a-rede-social-de-cada-um\" target=\"_blank\" rel=\"noreferrer noopener nofollow\">Conhe\u00e7a os 14 participantes do Estrela da Casa 2025 e a rede social de cada um<br \/><\/a><\/strong><\/p>\n","protected":false},"excerpt":{"rendered":"Ana Clara no j\u00fari art\u00edstico do segundo dia do Dan\u00e7a dos Famosos 2025 (Foto: L\u00e9o Rosario, Globo) O&hellip;\n","protected":false},"author":2,"featured_media":34014,"comment_status":"","ping_status":"","sticky":false,"template":"","format":"standard","meta":{"footnotes":""},"categories":[142],"tags":[114,115,32,33,151,543],"class_list":{"0":"post-34013","1":"post","2":"type-post","3":"status-publish","4":"format-standard","5":"has-post-thumbnail","7":"category-tv","8":"tag-entertainment","9":"tag-entretenimento","10":"tag-portugal","11":"tag-pt","12":"tag-tv","13":"tag-ver-ouvir-ler"},"share_on_mastodon":{"url":"","error":""},"_links":{"self":[{"href":"https:\/\/www.europesays.com\/pt\/wp-json\/wp\/v2\/posts\/34013","targetHints":{"allow":["GET"]}}],"collection":[{"href":"https:\/\/www.europesays.com\/pt\/wp-json\/wp\/v2\/posts"}],"about":[{"href":"https:\/\/www.europesays.com\/pt\/wp-json\/wp\/v2\/types\/post"}],"author":[{"embeddable":true,"href":"https:\/\/www.europesays.com\/pt\/wp-json\/wp\/v2\/users\/2"}],"replies":[{"embeddable":true,"href":"https:\/\/www.europesays.com\/pt\/wp-json\/wp\/v2\/comments?post=34013"}],"version-history":[{"count":0,"href":"https:\/\/www.europesays.com\/pt\/wp-json\/wp\/v2\/posts\/34013\/revisions"}],"wp:featuredmedia":[{"embeddable":true,"href":"https:\/\/www.europesays.com\/pt\/wp-json\/wp\/v2\/media\/34014"}],"wp:attachment":[{"href":"https:\/\/www.europesays.com\/pt\/wp-json\/wp\/v2\/media?parent=34013"}],"wp:term":[{"taxonomy":"category","embeddable":true,"href":"https:\/\/www.europesays.com\/pt\/wp-json\/wp\/v2\/categories?post=34013"},{"taxonomy":"post_tag","embeddable":true,"href":"https:\/\/www.europesays.com\/pt\/wp-json\/wp\/v2\/tags?post=34013"}],"curies":[{"name":"wp","href":"https:\/\/api.w.org\/{rel}","templated":true}]}}