{"id":340436,"date":"2026-04-12T15:49:09","date_gmt":"2026-04-12T15:49:09","guid":{"rendered":"https:\/\/www.europesays.com\/pt\/340436\/"},"modified":"2026-04-12T15:49:09","modified_gmt":"2026-04-12T15:49:09","slug":"superman-batman-artista-original-aparece-e-nao-sabe-como-sua-arte-foi-parar-no-walmart","status":"publish","type":"post","link":"https:\/\/www.europesays.com\/pt\/340436\/","title":{"rendered":"Superman &#038; Batman: Artista original aparece e n\u00e3o sabe como sua arte foi parar no Walmart"},"content":{"rendered":"<p class=\"wp-block-yoast-seo-estimated-reading-time yoast-reading-time__wrapper\">Estimated reading time: 2 minutos<\/p>\n<p>Recentemente, publicamos aqui um conjunto de <a href=\"https:\/\/ovicio.com.br\/produto-licenciado-sugere-batman-de-robert-pattinson-no-dcu\/amp\/\" rel=\"nofollow noopener\" target=\"_blank\">artes que est\u00e3o sendo promovidas pelo Walmart para um conjunto de festa de anivers\u00e1rio<\/a>. Dentro dela, temos um encontro curioso: o <strong>Superman <\/strong>do DCU encontra o <strong>Batman<\/strong> de <strong>Robert Pattinson<\/strong>, sugerindo que os dois teriam algum crossover.<\/p>\n<p>O problema disso \u00e9 que \u00e9 um produto oficial licenciado, ou seja, a <strong>DC<\/strong> ou a Warner teve que aprovar o produto. Mas a\u00ed temos um grande problema: esta arte foi produzida por um f\u00e3 e ele n\u00e3o recebeu nada e nem deu sua permiss\u00e3o para que a arte fosse usada.<\/p>\n<p>No X, o artista <strong>Kwok Zisong<\/strong> mostra que fez a arte ainda em 2025:<\/p>\n<p>Depois, ele acaba juntando com o p\u00f4ster do Batman que fez em 2022:<\/p>\n<p>E, agora, ele publica no X: <strong>&#8220;Lamento ser estraga-prazeres, mas o Walmart transformou minha arte em um produto sem me avisar. Ambas essas ilustra\u00e7\u00f5es eram pe\u00e7as de pr\u00e1tica pessoal, nunca destinadas a uso comercial. Eu as juntei por divers\u00e3o, n\u00e3o como algo oficial. N\u00e3o tenho ideia de como o Walmart aprovou isso&#8221;<\/strong><\/p>\n<p>O engra\u00e7ado \u00e9 que basicamente algu\u00e9m pegou as artes dele e as colocou em uso comercial e levou para a aprova\u00e7\u00e3o da licenciadora. Resta saber como isso vai caminhar daqui pra frente, afinal, sabemos que James Gunn gosta de evitar qualquer rumor contr\u00e1rio aos seus planos para o DCU e um erro desses \u00e9 algo que ele abomina.<\/p>\n<p>Leia tamb\u00e9m sobre Batman:<\/p>\n<p>As novas aventuras dos her\u00f3is j\u00e1 possuem datas definidas para chegar aos cinemas do Brasil.\u00a0<strong>Homem do Amanh\u00e3<\/strong>\u00a0far\u00e1 a sua estreia no dia 8 de julho de 2027, seguido por\u00a0<a href=\"https:\/\/ovicio.com.br\/tag\/batman-parte-2\/\" rel=\"nofollow noopener\" target=\"_blank\">Batman: Parte 2<\/a>, que entra em cartaz no dia 30 de setembro de 2027.<\/p>\n","protected":false},"excerpt":{"rendered":"Estimated reading time: 2 minutos Recentemente, publicamos aqui um conjunto de artes que est\u00e3o sendo promovidas pelo Walmart&hellip;\n","protected":false},"author":2,"featured_media":340437,"comment_status":"","ping_status":"","sticky":false,"template":"","format":"standard","meta":{"footnotes":"","_share_on_mastodon":"0"},"categories":[140],"tags":[1948,2945,2670,12237,114,115,147,148,7320,146,32,33,1248],"class_list":["post-340436","post","type-post","status-publish","format-standard","has-post-thumbnail","category-filmes","tag-batman","tag-dc","tag-dc-comics","tag-dcu","tag-entertainment","tag-entretenimento","tag-film","tag-filmes","tag-james-gunn","tag-movies","tag-portugal","tag-pt","tag-superman"],"share_on_mastodon":{"url":"https:\/\/pubeurope.com\/@pt\/116392530535960468","error":""},"_links":{"self":[{"href":"https:\/\/www.europesays.com\/pt\/wp-json\/wp\/v2\/posts\/340436","targetHints":{"allow":["GET"]}}],"collection":[{"href":"https:\/\/www.europesays.com\/pt\/wp-json\/wp\/v2\/posts"}],"about":[{"href":"https:\/\/www.europesays.com\/pt\/wp-json\/wp\/v2\/types\/post"}],"author":[{"embeddable":true,"href":"https:\/\/www.europesays.com\/pt\/wp-json\/wp\/v2\/users\/2"}],"replies":[{"embeddable":true,"href":"https:\/\/www.europesays.com\/pt\/wp-json\/wp\/v2\/comments?post=340436"}],"version-history":[{"count":0,"href":"https:\/\/www.europesays.com\/pt\/wp-json\/wp\/v2\/posts\/340436\/revisions"}],"wp:featuredmedia":[{"embeddable":true,"href":"https:\/\/www.europesays.com\/pt\/wp-json\/wp\/v2\/media\/340437"}],"wp:attachment":[{"href":"https:\/\/www.europesays.com\/pt\/wp-json\/wp\/v2\/media?parent=340436"}],"wp:term":[{"taxonomy":"category","embeddable":true,"href":"https:\/\/www.europesays.com\/pt\/wp-json\/wp\/v2\/categories?post=340436"},{"taxonomy":"post_tag","embeddable":true,"href":"https:\/\/www.europesays.com\/pt\/wp-json\/wp\/v2\/tags?post=340436"}],"curies":[{"name":"wp","href":"https:\/\/api.w.org\/{rel}","templated":true}]}}