{"id":341093,"date":"2026-04-13T06:00:23","date_gmt":"2026-04-13T06:00:23","guid":{"rendered":"https:\/\/www.europesays.com\/pt\/341093\/"},"modified":"2026-04-13T06:00:23","modified_gmt":"2026-04-13T06:00:23","slug":"documentario-dirigido-por-zelito-viana-revisita-trajetoria-de-zuenir-ventura","status":"publish","type":"post","link":"https:\/\/www.europesays.com\/pt\/341093\/","title":{"rendered":"document\u00e1rio dirigido por Zelito Viana revisita trajet\u00f3ria de Zuenir Ventura"},"content":{"rendered":"\n<p class=\" content-text__container theme-color-primary-first-letter\" data-track-category=\"Link no Texto\" data-track-links=\"\"> <a class=\"\" href=\"https:\/\/oglobo.globo.com\/tudo-sobre\/personalidade\/zuenir-ventura\/\" rel=\"nofollow noopener\" target=\"_blank\">Zuenir Ventura<\/a> cobriu alguns dos mais importantes eventos do pa\u00eds dos \u00faltimos 60 anos. Da ditadura militar \u00e0 contracultura nos anos 1960 e 1970, passando pela redemocratiza\u00e7\u00e3o, por chacinas que marcaram o Rio nos anos 1990 e pelo assassinato de Chico Mendes em 1998. Faltava ao jornalista ser tema de filme. O document\u00e1rio \u201cMestre Zu\u201d, que ser\u00e1 exibido neste s\u00e1bado (11) \u00e0s 18h30, no Esta\u00e7\u00e3o Net Rio, no festival \u00c9 Tudo Verdade, preenche essa lacuna. <\/p>\n<p class=\" content-text__container \" data-track-category=\"Link no Texto\" data-track-links=\"\"> No filme, o diretor Zelito Viana reuniu em sua casa amigos e parentes de Zuenir para lembrar hist\u00f3rias e reconstruir a trajet\u00f3ria do rep\u00f3rter, editor, cronista e escritor de 94 anos. O document\u00e1rio alterna uma roda de conversa informal com imagens e entrevistas de arquivo, al\u00e9m de depoimentos de Fl\u00e1vio Pinheiro, Arthur Dapieve, Guguta Brand\u00e3o, Paulinho da Viola, Tina Correia, os filhos do homenageado, Mauro e Elisa Ventura, e os colunistas do GLOBO Ancelmo Gois, Joaquim Ferreira dos Santos e M\u00edriam Leit\u00e3o. Zuenir, tamb\u00e9m entrevistado, aparece em diferentes momentos da vida. <\/p>\n<p class=\" content-text__container \" data-track-category=\"Link no Texto\" data-track-links=\"\"> \u2014 Cheguei numa \u00e9poca da vida em que me dedico a filmes que s\u00f3 eu posso fazer \u2014 diz Zelito, de 87 anos e amigo de longa data do tema do doc. \u2014 Qualquer um poderia fazer um filme sobre Zuenir, mas s\u00f3 eu poderia fazer este filme, que passa pela minha amizade com ele. <\/p>\n","protected":false},"excerpt":{"rendered":"Zuenir Ventura cobriu alguns dos mais importantes eventos do pa\u00eds dos \u00faltimos 60 anos. Da ditadura militar \u00e0&hellip;\n","protected":false},"author":2,"featured_media":341094,"comment_status":"","ping_status":"","sticky":false,"template":"","format":"standard","meta":{"footnotes":"","_share_on_mastodon":"0"},"categories":[140],"tags":[114,115,874,147,148,146,32,33,679,58781],"class_list":["post-341093","post","type-post","status-publish","format-standard","has-post-thumbnail","category-filmes","tag-entertainment","tag-entretenimento","tag-escritor","tag-film","tag-filmes","tag-movies","tag-portugal","tag-pt","tag-reportagem","tag-zuenir-ventura"],"share_on_mastodon":{"url":"https:\/\/pubeurope.com\/@pt\/116395876431524240","error":""},"_links":{"self":[{"href":"https:\/\/www.europesays.com\/pt\/wp-json\/wp\/v2\/posts\/341093","targetHints":{"allow":["GET"]}}],"collection":[{"href":"https:\/\/www.europesays.com\/pt\/wp-json\/wp\/v2\/posts"}],"about":[{"href":"https:\/\/www.europesays.com\/pt\/wp-json\/wp\/v2\/types\/post"}],"author":[{"embeddable":true,"href":"https:\/\/www.europesays.com\/pt\/wp-json\/wp\/v2\/users\/2"}],"replies":[{"embeddable":true,"href":"https:\/\/www.europesays.com\/pt\/wp-json\/wp\/v2\/comments?post=341093"}],"version-history":[{"count":0,"href":"https:\/\/www.europesays.com\/pt\/wp-json\/wp\/v2\/posts\/341093\/revisions"}],"wp:featuredmedia":[{"embeddable":true,"href":"https:\/\/www.europesays.com\/pt\/wp-json\/wp\/v2\/media\/341094"}],"wp:attachment":[{"href":"https:\/\/www.europesays.com\/pt\/wp-json\/wp\/v2\/media?parent=341093"}],"wp:term":[{"taxonomy":"category","embeddable":true,"href":"https:\/\/www.europesays.com\/pt\/wp-json\/wp\/v2\/categories?post=341093"},{"taxonomy":"post_tag","embeddable":true,"href":"https:\/\/www.europesays.com\/pt\/wp-json\/wp\/v2\/tags?post=341093"}],"curies":[{"name":"wp","href":"https:\/\/api.w.org\/{rel}","templated":true}]}}