{"id":341727,"date":"2026-04-13T18:35:11","date_gmt":"2026-04-13T18:35:11","guid":{"rendered":"https:\/\/www.europesays.com\/pt\/341727\/"},"modified":"2026-04-13T18:35:11","modified_gmt":"2026-04-13T18:35:11","slug":"ramagem-tem-status-legal-nos-eua-diz-apresentador-13-04-2026-monica-bergamo","status":"publish","type":"post","link":"https:\/\/www.europesays.com\/pt\/341727\/","title":{"rendered":"Ramagem tem status legal nos EUA, diz apresentador &#8211; 13\/04\/2026 &#8211; M\u00f4nica Bergamo"},"content":{"rendered":"<p>O apresentador Paulo Figueiredo disse que o ex-deputado federal cassado <a href=\"https:\/\/www1.folha.uol.com.br\/folha-topicos\/alexandre-ramagem\/\" rel=\"nofollow noopener\" target=\"_blank\">Alexandre Ramagem<\/a> (<a href=\"https:\/\/www1.folha.uol.com.br\/folha-topicos\/pl\/\" rel=\"nofollow noopener\" target=\"_blank\">PL<\/a>-RJ) foi &#8220;<a href=\"https:\/\/www1.folha.uol.com.br\/poder\/2026\/04\/ramagem-e-preso-por-servico-de-imigracao-dos-eua-diz-pf.shtml\" rel=\"nofollow noopener\" target=\"\">detido <\/a>ap\u00f3s uma abordagem policial em Orlando, inicialmente por uma infra\u00e7\u00e3o leve de tr\u00e2nsito&#8221; e, posteriormente encaminhado ao <a href=\"https:\/\/www1.folha.uol.com.br\/folha-topicos\/ice\/\" rel=\"nofollow noopener\" target=\"_blank\">ICE<\/a>, o Servi\u00e7o de <a href=\"https:\/\/www1.folha.uol.com.br\/folha-topicos\/imigracao\/\" rel=\"nofollow noopener\" target=\"_blank\">Imigra\u00e7\u00e3o<\/a> e Alf\u00e2ndega americano.<\/p>\n<p>Segundo ele, esse procedimento \u00e9 comum na Fl\u00f3rida. Figueiredo afirmou ainda que a deten\u00e7\u00e3o dele \u00e9 uma &#8220;quest\u00e3o meramente imigrat\u00f3ria&#8221;, mas que o status de Ramagem \u00e9 legal no pa\u00eds.<\/p>\n<p>&#8220;Ele possui um pedido de asilo pendente, protocolado h\u00e1 tempos e ainda sob an\u00e1lise, o que lhe permite permanecer legalmente nos <a href=\"https:\/\/www1.folha.uol.com.br\/folha-topicos\/estados-unidos\/\" rel=\"nofollow noopener\" target=\"_blank\">Estados Unidos<\/a> at\u00e9 a decis\u00e3o final do caso \u2014que \u00e9 demorada, mas tem tudo para ser deferida.&#8221;<\/p>\n<p>Afirmou ainda n\u00e3o ver qualquer risco de deporta\u00e7\u00e3o do ex-deputado e disse que o governo brasileiro n\u00e3o teve nada a ver com a deten\u00e7\u00e3o. &#8220;Nossa expectativa \u00e9 de que seja liberado o mais rapidamente poss\u00edvel e, no momento, n\u00e3o vemos qualquer risco de deporta\u00e7\u00e3o. O tr\u00e2mite do ICE tamb\u00e9m \u00e9 burocr\u00e1tico e depende da formaliza\u00e7\u00e3o no sistema do \u00f3rg\u00e3o para que os pr\u00f3ximos passos sejam dados nesta dire\u00e7\u00e3o.&#8221;<\/p>\n<p>Figueiredo afirma ser s\u00f3cio da empresa Immigrex, que est\u00e1 prestando assist\u00eancia a Ramagem no epis\u00f3dio.<\/p>\n<p>Ramagem \u00e9 considerado foragido da Justi\u00e7a brasileira, ap\u00f3s ter fugido do Brasil para os Estados Unidos no ano passado. Segundo o diretor-geral da <a href=\"https:\/\/www1.folha.uol.com.br\/folha-topicos\/policia-federal\/\" rel=\"nofollow noopener\" target=\"_blank\">Pol\u00edcia Federal<\/a>, Andrei Rodrigues, o ex-diretor da Abin <a href=\"https:\/\/www1.folha.uol.com.br\/poder\/2025\/12\/diretor-da-pf-confirma-que-ramagem-saiu-do-brasil-pela-guiana.shtml\" rel=\"nofollow noopener\" target=\"_blank\">saiu de forma clandestina<\/a> do pa\u00eds pela fronteira com a Guiana.<\/p>\n<p>Ele teria se mudado em setembro para um condom\u00ednio de luxo na Fl\u00f3rida, enquanto gravava v\u00eddeos e votava \u00e0 dist\u00e2ncia nas sess\u00f5es da C\u00e2mara, amparado por um atestado m\u00e9dico.<\/p>\n<p>Em dezembro, o ministro <a href=\"https:\/\/www1.folha.uol.com.br\/folha-topicos\/alexandre-de-moraes\/\" rel=\"nofollow noopener\" target=\"_blank\">Alexandre de Moraes<\/a>, do <a href=\"https:\/\/www1.folha.uol.com.br\/folha-topicos\/stf\/\" rel=\"nofollow noopener\" target=\"_blank\">STF<\/a> (Supremo Tribunal Federal), determinou a abertura do processo de extradi\u00e7\u00e3o de <a href=\"https:\/\/www1.folha.uol.com.br\/folha-topicos\/alexandre-ramagem\/\" rel=\"nofollow noopener\" target=\"_blank\">Ramagem<\/a>, condenado pela trama golpista.<\/p>\n<p>O ex-parlamentar foi condenado \u00e0<a href=\"https:\/\/www1.folha.uol.com.br\/poder\/2025\/12\/moraes-da-inicio-a-pedido-de-extradicao-de-ramagem-dos-eua.shtml\" rel=\"nofollow noopener\" target=\"_blank\"> perda de mandato <\/a>e a 16 anos e um m\u00eas de pris\u00e3o <a href=\"https:\/\/www1.folha.uol.com.br\/blogs\/brasilia-hoje\/2025\/12\/stf-comeca-a-julgar-filipe-martins-e-outros-reus-com-cargos-estrategicos-no-governo-bolsonaro-assista.shtml\" rel=\"nofollow noopener\" target=\"_blank\">por participar de tentativa de golpe<\/a> de Estado.<\/p>\n<p>&#8220;Para deixar absolutamente claro: O governo brasileiro n\u00e3o teve qualquer participa\u00e7\u00e3o nesse epis\u00f3dio. Trata-se de um procedimento padr\u00e3o da imigra\u00e7\u00e3o americana. Isso n\u00e3o tem absolutamente nada a ver com o pedido de extradi\u00e7\u00e3o do Brasil, que segue em an\u00e1lise no Departamento de Estado&#8221;, afirma Paulo Figueiredo.<\/p>\n<p>Leia a nota completa:<\/p>\n<p>&#8220;Sobre a suposta pris\u00e3o de Alexandre Ramagem, alguns esclarecimentos objetivos:<\/p>\n<p>1. Ramagem n\u00e3o foi preso, mas detido ap\u00f3s uma abordagem policial em Orlando, inicialmente por uma infra\u00e7\u00e3o leve de tr\u00e2nsito e, na sequ\u00eancia, encaminhado ao ICE \u2014procedimento comum na Fl\u00f3rida.<\/p>\n<p>2. Essa \u00e9, neste momento, uma quest\u00e3o meramente imigrat\u00f3ria. Por\u00e9m, o status de Ramagem \u00e9 LEGAL: ele possui um pedido de asilo pendente, protocolado h\u00e1 tempos e ainda sob an\u00e1lise, o que lhe permite permanecer legalmente nos Estados Unidos at\u00e9 a decis\u00e3o final do caso \u2014que \u00e9 demorada, mas tem tudo para ser deferida.<\/p>\n<p>3. A Immigrex, empresa da qual sou s\u00f3cio, est\u00e1 prestando toda a assist\u00eancia a Ramagem e sua fam\u00edlia. Nossa expectativa \u00e9 de que seja liberado o mais rapidamente poss\u00edvel e, no momento, n\u00e3o vemos qualquer risco de deporta\u00e7\u00e3o. O tr\u00e2mite do ICE tamb\u00e9m \u00e9 burocr\u00e1tico e depende da formaliza\u00e7\u00e3o no sistema do \u00f3rg\u00e3o para que os pr\u00f3ximos passos sejam dados nesta dire\u00e7\u00e3o.<\/p>\n<p>4. Extradi\u00e7\u00e3o e deporta\u00e7\u00e3o n\u00e3o t\u00eam absolutamente nada a ver entre si: extradi\u00e7\u00e3o \u00e9 um processo pol\u00edtico-diplom\u00e1tico entre Estados, conduzido pelo Departamento de Estado; deporta\u00e7\u00e3o \u00e9 um procedimento administrativo interno de imigra\u00e7\u00e3o. O caso em quest\u00e3o \u00e9 exclusivamente migrat\u00f3rio.<\/p>\n<p>5. Para deixar absolutamente claro: O governo brasileiro n\u00e3o teve qualquer participa\u00e7\u00e3o nesse epis\u00f3dio. Trata-se de um procedimento padr\u00e3o da imigra\u00e7\u00e3o americana. Isso n\u00e3o tem absolutamente nada a ver com o pedido de extradi\u00e7\u00e3o do Brasil, que segue em an\u00e1lise no Departamento de Estado.&#8221;<\/p>\n<p>com <strong>DIEGO ALEJANDRO, JULLIA GOUVEIA e KARINA MATIAS<\/strong><\/p>\n<p class=\"c-context__content\">&#13;<br \/>\n    <strong>LINK PRESENTE:<\/strong> Gostou deste texto? Assinante pode liberar sete acessos gratuitos de qualquer link por dia. Basta clicar no F azul abaixo.&#13;\n  <\/p>\n","protected":false},"excerpt":{"rendered":"O apresentador Paulo Figueiredo disse que o ex-deputado federal cassado Alexandre Ramagem (PL-RJ) foi &#8220;detido ap\u00f3s uma abordagem&hellip;\n","protected":false},"author":2,"featured_media":341728,"comment_status":"","ping_status":"","sticky":false,"template":"","format":"standard","meta":{"footnotes":"","_share_on_mastodon":"0"},"categories":[145],"tags":[15837,211,210,39610,114,115,235,236,4621,7844,17541,1481,1865,3239,32,33,58864],"class_list":["post-341727","post","type-post","status-publish","format-standard","has-post-thumbnail","category-celebridades","tag-alexandre-ramagem","tag-celebridades","tag-celebrities","tag-delegado-ramagem","tag-entertainment","tag-entretenimento","tag-estados-unidos","tag-folha","tag-governo-bolsonaro","tag-governo-trump","tag-ice","tag-imigracao","tag-imigrantes","tag-pl","tag-portugal","tag-pt","tag-ramagem"],"share_on_mastodon":{"url":"https:\/\/pubeurope.com\/@pt\/116398845287329850","error":""},"_links":{"self":[{"href":"https:\/\/www.europesays.com\/pt\/wp-json\/wp\/v2\/posts\/341727","targetHints":{"allow":["GET"]}}],"collection":[{"href":"https:\/\/www.europesays.com\/pt\/wp-json\/wp\/v2\/posts"}],"about":[{"href":"https:\/\/www.europesays.com\/pt\/wp-json\/wp\/v2\/types\/post"}],"author":[{"embeddable":true,"href":"https:\/\/www.europesays.com\/pt\/wp-json\/wp\/v2\/users\/2"}],"replies":[{"embeddable":true,"href":"https:\/\/www.europesays.com\/pt\/wp-json\/wp\/v2\/comments?post=341727"}],"version-history":[{"count":0,"href":"https:\/\/www.europesays.com\/pt\/wp-json\/wp\/v2\/posts\/341727\/revisions"}],"wp:featuredmedia":[{"embeddable":true,"href":"https:\/\/www.europesays.com\/pt\/wp-json\/wp\/v2\/media\/341728"}],"wp:attachment":[{"href":"https:\/\/www.europesays.com\/pt\/wp-json\/wp\/v2\/media?parent=341727"}],"wp:term":[{"taxonomy":"category","embeddable":true,"href":"https:\/\/www.europesays.com\/pt\/wp-json\/wp\/v2\/categories?post=341727"},{"taxonomy":"post_tag","embeddable":true,"href":"https:\/\/www.europesays.com\/pt\/wp-json\/wp\/v2\/tags?post=341727"}],"curies":[{"name":"wp","href":"https:\/\/api.w.org\/{rel}","templated":true}]}}