{"id":341901,"date":"2026-04-13T22:00:17","date_gmt":"2026-04-13T22:00:17","guid":{"rendered":"https:\/\/www.europesays.com\/pt\/341901\/"},"modified":"2026-04-13T22:00:17","modified_gmt":"2026-04-13T22:00:17","slug":"sao-jose-realiza-cafe-da-manha-com-atividades-ao-ar-livre","status":"publish","type":"post","link":"https:\/\/www.europesays.com\/pt\/341901\/","title":{"rendered":"S\u00e3o Jos\u00e9 realiza caf\u00e9 da manh\u00e3 com atividades ao ar livre"},"content":{"rendered":"<p>&#13;<br \/>\n                        <b>Lucas Lemes<\/b><br \/>&#13;<br \/>\n                Esporte e Qualidade de Vida&#13;\n            <\/p>\n<p>A Prefeitura de S\u00e3o Jos\u00e9 dos Campos realiza, no pr\u00f3ximo dia 24 de maio, a primeira edi\u00e7\u00e3o da Sanja Coffee Party, evento gratuito voltado \u00e0 promo\u00e7\u00e3o da qualidade de vida, bem-estar e pr\u00e1tica de atividades f\u00edsicas ao ar livre. A programa\u00e7\u00e3o acontece no Parque da Cidade, das 7h \u00e0s 11h, com vagas limitadas e participa\u00e7\u00e3o mediante inscri\u00e7\u00e3o pr\u00e9via.<\/p>\n<p>Inspirada em um formato que vem ganhando cada vez mais espa\u00e7o no Brasil, as coffee parties combinam m\u00fasica, atividades f\u00edsicas e alimenta\u00e7\u00e3o saud\u00e1vel em um ambiente leve e descontra\u00eddo, especialmente no per\u00edodo da manh\u00e3. A proposta \u00e9 transformar o in\u00edcio do dia em uma experi\u00eancia coletiva de energia, sa\u00fade e boas conex\u00f5es.<\/p>\n<p>Voltada a pessoas de todas as idades, a iniciativa re\u00fane uma s\u00e9rie de atividades que estimulam o cuidado com o corpo e a mente, al\u00e9m de proporcionar um momento de conviv\u00eancia em um dos principais espa\u00e7os p\u00fablicos da cidade.<\/p>\n<p>Durante a manh\u00e3, os participantes poder\u00e3o aproveitar aulas abertas de diferentes modalidades, como yoga, funcional, gin\u00e1stica e FitDance, conduzidas por profissionais convidadas. A proposta \u00e9 oferecer uma experi\u00eancia din\u00e2mica, acess\u00edvel e integrada ao ambiente natural.<\/p>\n<p>Para completar o clima do evento, DJs convidados comandam a trilha sonora ao longo da programa\u00e7\u00e3o, garantindo anima\u00e7\u00e3o e energia positiva do in\u00edcio ao fim.<\/p>\n<p><img loading=\"lazy\" decoding=\"async\" src=\"https:\/\/www.europesays.com\/pt\/wp-content\/uploads\/2026\/04\/parque_da_cidade-019-claudio_vieira.jpg\" alt=\"\" width=\"500\" height=\"334\"\/><\/p>\n<p>Cercado pela natureza, o Parque da Cidade ser\u00e1 cen\u00e1rio da 1\u00aa edi\u00e7\u00e3o do Sanja Coffee Party | Foto: Claudio Vieira\/PMSJC<\/p>\n<p>Inscri\u00e7\u00f5es<\/p>\n<p>As inscri\u00e7\u00f5es s\u00e3o gratuitas e abrem nesta quinta-feira (16), \u00e0s 8h, devendo ser preenchidas antecipadamente.<\/p>\n<p>As vagas s\u00e3o limitadas. No dia do evento, os participantes dever\u00e3o levar 1 kg de alimento n\u00e3o perec\u00edvel para valida\u00e7\u00e3o da inscri\u00e7\u00e3o. As doa\u00e7\u00f5es ser\u00e3o destinadas ao Fundo Social de Solidariedade do munic\u00edpio, contribuindo com a\u00e7\u00f5es voltadas \u00e0s fam\u00edlias em situa\u00e7\u00e3o de vulnerabilidade.<\/p>\n<p>A Sanja Coffee Party chega como uma nova proposta para incentivar h\u00e1bitos saud\u00e1veis e valorizar os espa\u00e7os p\u00fablicos da cidade, promovendo bem-estar, integra\u00e7\u00e3o e qualidade de vida.<\/p>\n<p>&#13;<br \/>\n                    <strong>MAIS NOT\u00cdCIAS<\/strong><br \/>&#13;<br \/>\n                    <a href=\"https:\/\/www.sjc.sp.gov.br\/noticias\/?tema=5\" rel=\"nofollow noopener\" target=\"_blank\">Esporte e Qualidade de Vida<\/a>&#13;\n                <\/p>\n","protected":false},"excerpt":{"rendered":"&#13; Lucas Lemes&#13; Esporte e Qualidade de Vida&#13; A Prefeitura de S\u00e3o Jos\u00e9 dos Campos realiza, no pr\u00f3ximo&hellip;\n","protected":false},"author":2,"featured_media":341902,"comment_status":"","ping_status":"","sticky":false,"template":"","format":"standard","meta":{"footnotes":"","_share_on_mastodon":"0"},"categories":[86],"tags":[1300,116,3048,32,3046,33,3049,117,3047],"class_list":["post-341901","post","type-post","status-publish","format-standard","has-post-thumbnail","category-saude","tag-cidade","tag-health","tag-online","tag-portugal","tag-prefeitura","tag-pt","tag-so-jos-dos-campos","tag-saude","tag-servios"],"share_on_mastodon":{"url":"https:\/\/pubeurope.com\/@pt\/116399651352571523","error":""},"_links":{"self":[{"href":"https:\/\/www.europesays.com\/pt\/wp-json\/wp\/v2\/posts\/341901","targetHints":{"allow":["GET"]}}],"collection":[{"href":"https:\/\/www.europesays.com\/pt\/wp-json\/wp\/v2\/posts"}],"about":[{"href":"https:\/\/www.europesays.com\/pt\/wp-json\/wp\/v2\/types\/post"}],"author":[{"embeddable":true,"href":"https:\/\/www.europesays.com\/pt\/wp-json\/wp\/v2\/users\/2"}],"replies":[{"embeddable":true,"href":"https:\/\/www.europesays.com\/pt\/wp-json\/wp\/v2\/comments?post=341901"}],"version-history":[{"count":0,"href":"https:\/\/www.europesays.com\/pt\/wp-json\/wp\/v2\/posts\/341901\/revisions"}],"wp:featuredmedia":[{"embeddable":true,"href":"https:\/\/www.europesays.com\/pt\/wp-json\/wp\/v2\/media\/341902"}],"wp:attachment":[{"href":"https:\/\/www.europesays.com\/pt\/wp-json\/wp\/v2\/media?parent=341901"}],"wp:term":[{"taxonomy":"category","embeddable":true,"href":"https:\/\/www.europesays.com\/pt\/wp-json\/wp\/v2\/categories?post=341901"},{"taxonomy":"post_tag","embeddable":true,"href":"https:\/\/www.europesays.com\/pt\/wp-json\/wp\/v2\/tags?post=341901"}],"curies":[{"name":"wp","href":"https:\/\/api.w.org\/{rel}","templated":true}]}}