{"id":341963,"date":"2026-04-13T23:21:19","date_gmt":"2026-04-13T23:21:19","guid":{"rendered":"https:\/\/www.europesays.com\/pt\/341963\/"},"modified":"2026-04-13T23:21:19","modified_gmt":"2026-04-13T23:21:19","slug":"secret-story-rosto-conhecido-sai-em-defesa-de-ariana-miranda-os-amigos-nao-se-abandonam","status":"publish","type":"post","link":"https:\/\/www.europesays.com\/pt\/341963\/","title":{"rendered":"Secret Story&#8221;. Rosto conhecido sai em defesa de Ariana Miranda: &#8220;Os amigos n\u00e3o se abandonam"},"content":{"rendered":"<p><a href=\"https:\/\/selfie.iol.pt\/famosos\/cristina-ferreira\/cristina-ferreira-faz-confidencia-sobre-ariana-nao-conseguiu-resistir\/20260413\/69dcf41bd34edcee7c62f939\" target=\"_blank\" rel=\"nofollow noopener\">Ariana Miranda<\/a> foi expulsa, este domingo, dia 12, da d\u00e9cima edi\u00e7\u00e3o de &#8220;Secret Story &#8211; Casa dos Segredos&#8221;. Poucos minutos desse momento tinham passado e Gabriel Sousa recorreu ao Instagram para sair em defesa da amiga.<\/p>\n<p>&#8220;Apesar de tudo o que aconteceu, estou aqui para ti, sempre&#8221;, prometeu Gabriel Sousa, colocando um emoji em forma de cora\u00e7\u00e3o, na legenda de uma fotografia de ambos.<\/p>\n<p>O ex-concorrente do &#8220;<a href=\"https:\/\/tvi.iol.pt\/bigbrother\" target=\"_blank\" rel=\"nofollow noopener\">Big Brother<\/a> 2024&#8243; e de &#8220;<a href=\"https:\/\/tvi.iol.pt\/secretstory\/\" target=\"_blank\" rel=\"nofollow noopener\">Secret Story<\/a> &#8211; Desafio Final&#8221; prosseguiu: &#8220;Aquilo l\u00e1 dentro \u00e9 s\u00f3 um jogo, com regras, press\u00e3o e momentos que nem sempre mostram quem realmente somos. C\u00e1 fora&#8230; A vida \u00e9 real, as pessoas s\u00e3o reais e \u00e9 isso que importa.&#8221;<\/p>\n<p>&#8220;Os amigos n\u00e3o se abandonam, seja em que circunst\u00e2ncia for&#8221;, lembrou ainda o ex-participante de reality shows da <a href=\"https:\/\/tvi.iol.pt\/\" target=\"_blank\" rel=\"nofollow noopener\">TVI<\/a>.<\/p>\n<p>Veja, agora, os v\u00eddeos da primeira entrevista concedida por <a href=\"https:\/\/selfie.iol.pt\/famosos\/secret-story\/e-se-diogo-voltar-a-namorar-com-eva-reacao-de-ariana-diz-tudo\/20260413\/69dd04b9d34e28842c82da07\" target=\"_blank\" rel=\"nofollow noopener\">Ariana Miranda<\/a> desde a sa\u00edda da casa mais vigiada do Pa\u00eds.<\/p>\n<p style=\"text-align:center\"><img loading=\"lazy\" decoding=\"async\" alt=\"\" height=\"500\" src=\"https:\/\/www.europesays.com\/pt\/wp-content\/uploads\/2026\/04\/69dd1267d34e28842c82db07.webp\" width=\"281\"\/><\/p>\n<p>\u00a0<\/p>\n","protected":false},"excerpt":{"rendered":"Ariana Miranda foi expulsa, este domingo, dia 12, da d\u00e9cima edi\u00e7\u00e3o de &#8220;Secret Story &#8211; Casa dos Segredos&#8221;.&hellip;\n","protected":false},"author":2,"featured_media":341964,"comment_status":"","ping_status":"","sticky":false,"template":"","format":"standard","meta":{"footnotes":"","_share_on_mastodon":"0"},"categories":[142],"tags":[51064,56178,6308,7081,48,7080,2632,15384,46676,15383,114,115,6309,980,1728,1015,619,32,33,1014,1315,6985,46677,15382,46679,1012,6986,151,162],"class_list":["post-341963","post","type-post","status-publish","format-standard","has-post-thumbnail","category-tv","tag-ariana","tag-ariana-miranda","tag-bb","tag-bb2024","tag-big-brother","tag-big-brother-2024","tag-casa-dos-segredos","tag-casa-dos-segredos-desafio-final","tag-casa-dos-segredos-10","tag-desafio-final","tag-entertainment","tag-entretenimento","tag-ex-concorrente","tag-famosos","tag-gabriel-sousa","tag-instagram","tag-nacional","tag-portugal","tag-pt","tag-reality-show","tag-secret-story","tag-secret-story-casa-dos-segredos","tag-secret-story-casa-dos-segredos-10","tag-secret-story-desafio-final","tag-secret-story-10","tag-selfie","tag-ss","tag-tv","tag-tvi"],"share_on_mastodon":{"url":"","error":"Validation failed: Text character limit of 500 exceeded"},"_links":{"self":[{"href":"https:\/\/www.europesays.com\/pt\/wp-json\/wp\/v2\/posts\/341963","targetHints":{"allow":["GET"]}}],"collection":[{"href":"https:\/\/www.europesays.com\/pt\/wp-json\/wp\/v2\/posts"}],"about":[{"href":"https:\/\/www.europesays.com\/pt\/wp-json\/wp\/v2\/types\/post"}],"author":[{"embeddable":true,"href":"https:\/\/www.europesays.com\/pt\/wp-json\/wp\/v2\/users\/2"}],"replies":[{"embeddable":true,"href":"https:\/\/www.europesays.com\/pt\/wp-json\/wp\/v2\/comments?post=341963"}],"version-history":[{"count":0,"href":"https:\/\/www.europesays.com\/pt\/wp-json\/wp\/v2\/posts\/341963\/revisions"}],"wp:featuredmedia":[{"embeddable":true,"href":"https:\/\/www.europesays.com\/pt\/wp-json\/wp\/v2\/media\/341964"}],"wp:attachment":[{"href":"https:\/\/www.europesays.com\/pt\/wp-json\/wp\/v2\/media?parent=341963"}],"wp:term":[{"taxonomy":"category","embeddable":true,"href":"https:\/\/www.europesays.com\/pt\/wp-json\/wp\/v2\/categories?post=341963"},{"taxonomy":"post_tag","embeddable":true,"href":"https:\/\/www.europesays.com\/pt\/wp-json\/wp\/v2\/tags?post=341963"}],"curies":[{"name":"wp","href":"https:\/\/api.w.org\/{rel}","templated":true}]}}