{"id":34213,"date":"2025-08-18T11:24:08","date_gmt":"2025-08-18T11:24:08","guid":{"rendered":"https:\/\/www.europesays.com\/pt\/34213\/"},"modified":"2025-08-18T11:24:08","modified_gmt":"2025-08-18T11:24:08","slug":"inclinar-a-cabeca-para-usar-o-celular-pode-gerar-uma-carga-de-ate-27-kg","status":"publish","type":"post","link":"https:\/\/www.europesays.com\/pt\/34213\/","title":{"rendered":"Inclinar a cabe\u00e7a para usar o celular pode gerar uma carga de at\u00e9 27 kg"},"content":{"rendered":"<p class=\"texto\">O uso constante de celulares, com a cabe\u00e7a inclinada para a frente, \u00e9 um dos principais vil\u00f5es silenciosos da <strong><a href=\"https:\/\/www.em.com.br\/app\/noticia\/saude-e-bem-viver\/2023\/06\/09\/interna_bem_viver,1505278\/redes-sociais-causam-impacto-na-saude-da-coluna-alerta-especialista.shtml\" target=\"_blank\" rel=\"nofollow noopener\">sa\u00fade da coluna<\/a><\/strong>. Essa postura n\u00e3o apenas imp\u00f5e uma carga extra de <strong><a href=\"https:\/\/www.em.com.br\/saude\/2025\/03\/7096536-sindrome-do-pescoco-de-texto-uso-de-celular-pode-somar-27-quilos-na-coluna.html\" target=\"_blank\" rel=\"nofollow noopener\">at\u00e9 27 quilos<\/a><\/strong> sobre a coluna cervical, como tamb\u00e9m eleva o risco de dor no pesco\u00e7o em 82%, aponta uma pesquisa do National Institute of Health (NIH), dos Estados Unidos.<\/p>\n<p class=\"texto\">O estudo, que analisou dados de mais de 43 mil pessoas em 13 pa\u00edses, revelou que o uso prolongado de smartphones foi o fator de maior risco para o desenvolvimento de <strong><a href=\"https:\/\/www.em.com.br\/app\/noticia\/saude-e-bem-viver\/2023\/03\/11\/interna_bem_viver,1467647\/5-coisas-que-voce-deveria-saber-sobre-dores-nas-costas.shtml\" target=\"_blank\" rel=\"nofollow noopener\">dor cervical<\/a><\/strong>. A pesquisa tamb\u00e9m destacou que o sedentarismo extremo \u2014 <strong><a href=\"https:\/\/www.em.com.br\/saude\/2024\/05\/6849586-quanto-tempo-voce-passa-sentado-posicao-traz-riscos-ao-coracao.html\" target=\"_blank\" rel=\"nofollow noopener\">ficar sentado<\/a><\/strong> por mais de seis horas di\u00e1rias \u2014 aumenta esse risco em 88%, enquanto o uso de computadores eleva a chance em 23%.<\/p>\n<p class=\"texto\">Reconhecida por especialistas como um problema postural crescente, a chamada &#8220;<strong><a href=\"https:\/\/www.em.com.br\/app\/noticia\/saude-e-bem-viver\/2023\/04\/24\/interna_bem_viver,1485188\/voce-ja-ouviu-falar-em-tech-neck-o-pescoco-tecnologico.shtml\" target=\"_blank\" rel=\"nofollow noopener\">s\u00edndrome do pesco\u00e7o de texto<\/a><\/strong>&#8221; ocorre quando o usu\u00e1rio mant\u00e9m a cabe\u00e7a projetada para baixo por longos per\u00edodos. <strong><a href=\"https:\/\/www.instagram.com\/drthiagobrustolini\/\" target=\"_blank\" rel=\"nofollow noopener\">Thiago Brustolini<\/a><\/strong>, ortopedista da Hapvida, explica o fen\u00f4meno. \u201cA inclina\u00e7\u00e3o aumenta drasticamente a carga sobre a coluna cervical. Quando a cabe\u00e7a est\u00e1 muito inclinada para frente, \u00e9 como se o pesco\u00e7o tivesse que sustentar at\u00e9 27 quilos.\u201d<\/p>\n<p class=\"texto\">A estrutura do pesco\u00e7o foi projetada para sustentar a cabe\u00e7a em posi\u00e7\u00e3o neutra, e n\u00e3o inclinada constantemente. Quando essa posi\u00e7\u00e3o se repete ao longo do dia, os m\u00fasculos e v\u00e9rtebras s\u00e3o sobrecarregados, podendo surgir dores musculares, inflama\u00e7\u00f5es, cansa\u00e7o e at\u00e9 desgaste nas articula\u00e7\u00f5es cervicais.<\/p>\n<p>Escutar o seu pr\u00f3prio corpo \u00e9 importante<\/p>\n<p class=\"texto\">Os sinais de alerta mais comuns incluem dor ou rigidez no pesco\u00e7o, desconforto nos ombros, sensa\u00e7\u00e3o de peso na nuca, dores de cabe\u00e7a e, em alguns casos, <strong><a href=\"https:\/\/www.em.com.br\/saude\/2024\/06\/6880136-formigamento-em-maos-e-bracos-um-sinal-da-coluna.html\" target=\"_blank\" rel=\"nofollow noopener\">formigamento nos bra\u00e7os<\/a><\/strong>. \u201cSe a pessoa sente isso com frequ\u00eancia e passa muitas horas nas <strong><a href=\"https:\/\/www.em.com.br\/saude\/2025\/05\/7157427-sindrome-do-olho-seco-afeta-jovens-e-e-ligada-ao-uso-excessivo-de-telas.html\" target=\"_blank\" rel=\"nofollow noopener\">telas<\/a><\/strong>, pode ser sinal de que o uso dos dispositivos est\u00e1 prejudicando a sa\u00fade cervical\u201d, alerta o ortopedista.<\/p>\n<p class=\"texto\">Com o tempo, segundo Thiago, essa m\u00e1 postura pode interferir em tarefas simples do cotidiano, como dormir bem, dirigir ou realizar atividades dom\u00e9sticas. Em muitos casos, uma conversa atenta com o paciente e a <strong><a href=\"https:\/\/www.em.com.br\/app\/noticia\/saude-e-bem-viver\/2022\/10\/03\/interna_bem_viver,1401276\/coluna-como-evitar-6-mas-posturas-que-adotamos-sem-perceber.shtml\" target=\"_blank\" rel=\"nofollow noopener\">observa\u00e7\u00e3o da postura<\/a><\/strong> j\u00e1 s\u00e3o suficientes para estabelecer a rela\u00e7\u00e3o direta entre o uso de telas e as dores.<\/p>\n<p>Como se prevenir e como funciona o tratamento?\u00a0<\/p>\n<p class=\"texto\">Mas \u00e9 poss\u00edvel prevenir e at\u00e9 reverter o quadro com medidas simples. Entre as recomenda\u00e7\u00f5es do ortopedista est\u00e3o manter o celular na altura dos olhos para evitar abaixar a cabe\u00e7a, fazer pausas a cada 30 ou 40 minutos, alongar o pesco\u00e7o e os ombros ao longo do dia, sentar-se corretamente com os p\u00e9s no ch\u00e3o e as costas apoiadas, e evitar o uso do celular deitado na cama.<\/p>\n<p class=\"texto\">Para quem j\u00e1 apresenta dor, buscar ajuda profissional \u00e9 o primeiro passo. \u201cA <strong><a href=\"https:\/\/www.em.com.br\/app\/noticia\/tecnologia\/2011\/02\/20\/interna_tecnologia,210981\/fisioterapia-e-mudanca-de-habitos-podem-ser-solucao-para-problemas-de-coluna.shtml\" target=\"_blank\" rel=\"nofollow noopener\">fisioterapia <\/a><\/strong>ajuda muito. Existem exerc\u00edcios espec\u00edficos que fortalecem os m\u00fasculos do pesco\u00e7o, melhoram a postura e aliviam a dor. Al\u00e9m disso, o uso de suportes para celular e computador pode evitar que a pessoa permane\u00e7a sempre olhando para baixo\u201d, recomenda Thiago.<\/p>\n<p>O que\u00a0profissionais de home office podem fazer?<\/p>\n<p class=\"texto\">Alguns grupos est\u00e3o mais vulner\u00e1veis \u00e0 s\u00edndrome do pesco\u00e7o de texto. <strong><a href=\"https:\/\/www.em.com.br\/app\/noticia\/saude-e-bem-viver\/2023\/03\/24\/interna_bem_viver,1473073\/uso-de-celular-em-excesso-por-adolescentes-causa-dor-na-coluna-diz-estudo.shtml\" target=\"_blank\" rel=\"nofollow noopener\">Adolescentes<\/a><\/strong>, por exemplo, tendem a passar muitas horas no celular e nem sempre percebem a m\u00e1 postura.<\/p>\n<p class=\"texto\">J\u00e1 no caso de quem trabalha em regime de <strong><a href=\"https:\/\/www.em.com.br\/saude\/2025\/07\/7204806-trabalhar-sentado-afeta-circulacao-sanguinea-em-longo-prazo.html\" target=\"_blank\" rel=\"nofollow noopener\">home office<\/a><\/strong>, a falta de ergonomia, como o uso de sof\u00e1s, camas ou mesas improvisadas, contribui significativamente para o aumento das queixas. \u201cO ideal \u00e9 criar uma rotina com pausas, aten\u00e7\u00e3o \u00e0 postura e fortalecimento muscular. A tecnologia faz parte do nosso dia a dia, mas \u00e9 preciso us\u00e1-la sem sacrificar a sa\u00fade\u201d, orienta o ortopedista.<\/p>\n<p style=\"text-align: center;\"><strong><a href=\"https:\/\/www.whatsapp.com\/channel\/0029Va8e466AO7RPLL06EL2h\" target=\"_blank\" data-saferedirecturl=\"https:\/\/www.google.com\/url?q=https:\/\/www.whatsapp.com\/channel\/0029Va8e466AO7RPLL06EL2h&amp;source=gmail&amp;ust=1742839879133000&amp;usg=AOvVaw12G_YmQDLL72x9hTv1Ntwl\" rel=\"nofollow noopener\">Siga nosso canal no WhatsApp e receba not\u00edcias relevantes para o seu dia<\/a><\/strong><\/p>\n<p>    <script async src=\"\/\/www.instagram.com\/embed.js\"><\/script><\/p>\n","protected":false},"excerpt":{"rendered":"O uso constante de celulares, com a cabe\u00e7a inclinada para a frente, \u00e9 um dos principais vil\u00f5es silenciosos&hellip;\n","protected":false},"author":2,"featured_media":34214,"comment_status":"","ping_status":"","sticky":false,"template":"","format":"standard","meta":{"footnotes":""},"categories":[86],"tags":[7712,116,10836,10835,32,10834,33,117],"class_list":{"0":"post-34213","1":"post","2":"type-post","3":"status-publish","4":"format-standard","5":"has-post-thumbnail","7":"category-saude","8":"tag-celular","9":"tag-health","10":"tag-ortopedia","11":"tag-pescoco","12":"tag-portugal","13":"tag-postura","14":"tag-pt","15":"tag-saude"},"share_on_mastodon":{"url":"","error":""},"_links":{"self":[{"href":"https:\/\/www.europesays.com\/pt\/wp-json\/wp\/v2\/posts\/34213","targetHints":{"allow":["GET"]}}],"collection":[{"href":"https:\/\/www.europesays.com\/pt\/wp-json\/wp\/v2\/posts"}],"about":[{"href":"https:\/\/www.europesays.com\/pt\/wp-json\/wp\/v2\/types\/post"}],"author":[{"embeddable":true,"href":"https:\/\/www.europesays.com\/pt\/wp-json\/wp\/v2\/users\/2"}],"replies":[{"embeddable":true,"href":"https:\/\/www.europesays.com\/pt\/wp-json\/wp\/v2\/comments?post=34213"}],"version-history":[{"count":0,"href":"https:\/\/www.europesays.com\/pt\/wp-json\/wp\/v2\/posts\/34213\/revisions"}],"wp:featuredmedia":[{"embeddable":true,"href":"https:\/\/www.europesays.com\/pt\/wp-json\/wp\/v2\/media\/34214"}],"wp:attachment":[{"href":"https:\/\/www.europesays.com\/pt\/wp-json\/wp\/v2\/media?parent=34213"}],"wp:term":[{"taxonomy":"category","embeddable":true,"href":"https:\/\/www.europesays.com\/pt\/wp-json\/wp\/v2\/categories?post=34213"},{"taxonomy":"post_tag","embeddable":true,"href":"https:\/\/www.europesays.com\/pt\/wp-json\/wp\/v2\/tags?post=34213"}],"curies":[{"name":"wp","href":"https:\/\/api.w.org\/{rel}","templated":true}]}}