{"id":342543,"date":"2026-04-14T12:45:09","date_gmt":"2026-04-14T12:45:09","guid":{"rendered":"https:\/\/www.europesays.com\/pt\/342543\/"},"modified":"2026-04-14T12:45:09","modified_gmt":"2026-04-14T12:45:09","slug":"recuperar-19-mil-milhoes-de-fundos-europeus-e-a-prioridade-de-peter-magyar","status":"publish","type":"post","link":"https:\/\/www.europesays.com\/pt\/342543\/","title":{"rendered":"\u201crecuperar 19 mil milh\u00f5es de fundos europeus\u201d \u00e9 a prioridade de P\u00e9ter Magyar"},"content":{"rendered":"<p>        O liberal Cotrim de Figueiredo e o social-democrata Paulo Cunha aplaudem com entusiasmo a vit\u00f3ria do opositor sobre o \u2018velho\u2019 Viktor Orb\u00e1n. A recupera\u00e7\u00e3o do prest\u00edgio e principalmente do financiamento suspenso da Uni\u00e3o Europeia s\u00e3o o suporte da mudan\u00e7a. Mas \u201cn\u00e3o vale a pena embandeirar em arco\u201d. Quem \u00e9 P\u00e9ter Magyar?    <\/p>\n<p>As diferen\u00e7as entre o vencedor das elei\u00e7\u00f5es h\u00fangaras, P\u00e9ter Magyar, e o principal derrotado, Viktor Orb\u00e1n \u2013 oriundos do mesmo partido pol\u00edtico, o Fidesz, s\u00e3o suficientemente fortes para determinarem uma mudan\u00e7a nos fundamentos pol\u00edticos do Estado e um consequente alinhamento com a Uni\u00e3o Europeia. As diferen\u00e7as entre ambos \u201cs\u00e3o suficientemente grandes para se perceber que a situa\u00e7\u00e3o vai melhorar significativamente, de um lado para os pr\u00f3prios h\u00fangaros, porque o clima de dom\u00ednio sobre o sistema judicial e sobre a regula\u00e7\u00e3o social n\u00e3o \u00e9 o timbre de P\u00e9ter Magyar, e depois porque os fundos que a Europa foi retendo ao longo do tempo por encobrimento das condicionalidades do Estado de Direito, j\u00e1 v\u00e3o em quase 19 mil milh\u00f5es de euros\u201d, recorda o eurodeputado liberal Jo\u00e3o Cotrim de Figueiredo. Que acredita que o novo primeiro-ministro vai insistir na recupera\u00e7\u00e3o da imagem da Hungria.<\/p>\n<p>Desde logo, assegura, apoiando o empr\u00e9stimo \u00e0 Ucr\u00e2nia de 90 mil milh\u00f5es de euros que estava aprovado desde o final do ano passado, mas que Orb\u00e1n tratou de suspender. Mesmo assim, Cotrim de Figueiredo n\u00e3o tem d\u00favidas que a boa rela\u00e7\u00e3o entre a Hungria e a R\u00fassia n\u00e3o \u00e9 para acabar de imediato: \u201cisso \u00e9 imposs\u00edvel\u201d. Magyar \u201cn\u00e3o \u00e9 o maior dos amigos da Zelensky, n\u00e3o tem em rela\u00e7\u00e3o \u00e0 Ucr\u00e2nia uma posi\u00e7\u00e3o t\u00e3o solid\u00e1ria como a generalidade dos pa\u00edses da Uni\u00e3o Europeia, mas n\u00e3o vai obstaculizar este empr\u00e9stimo. E, por outro lado, cerca de 30% do petr\u00f3leo e do g\u00e1s que entram na Hungria s\u00e3o origin\u00e1rios da R\u00fassia: \u201cn\u00e3o \u00e9 poss\u00edvel desligar\u201d essa \u2018torneira\u2019 de um momento para o outro. Ali\u00e1s, recorda, \u201co mesmo se poderia dizer sobre a Eslov\u00e1quia\u201d.<\/p>\n<p>Ou seja, admite, \u201cn\u00e3o embandeiro em arco com tanta euforia como a maioria dos colegas europeus. Por este motivo da depend\u00eancia energ\u00e9tica, P\u00e9ter Magyar n\u00e3o vai poder fazer ru\u00eddos muito antag\u00f3nicos em rela\u00e7\u00e3o \u00e0 R\u00fassia, portanto vai ser sempre pouco entusiasta relativamente ao aumento de envio de material militar para a Ucr\u00e2nia ou a novos pacotes de financiamento\u201d. Como tamb\u00e9m \u201cn\u00e3o vai poder fazer ru\u00eddos muito antag\u00f3nicos em rela\u00e7\u00e3o \u00e0 China, porque h\u00e1 um conjunto de investimentos estruturais que os chineses fizeram na Hungria nos \u00faltimos tempos que tamb\u00e9m n\u00e3o aconselham\u201d a esse antagonismo. Ou seja, a Hungria tem \u201cdepend\u00eancias que vai ter que gerir, e l\u00e1 ir ao longo do tempo\u201d.<\/p>\n<p>De qualquer modo, o facto de o l\u00edder da oposi\u00e7\u00e3o ter conseguido uma muito expressiva vota\u00e7\u00e3o e ter atingido a maioria absoluta de dois ter\u00e7os do parlamento tem pelo menos a vantagem de permitir que o novo primeiro-ministro inverta boa parte das altera\u00e7\u00f5es constitucionais que foram introduzidas para afirmar o dom\u00ednio do Fidesz. O pr\u00f3prio Magyar j\u00e1 prometeu esta segunda-feira que estas altera\u00e7\u00f5es s\u00e3o a sua prioridade imediata depois de formar governo.<\/p>\n<p>J\u00e1 para Paulo Cunha, eurodeputado do PSD, \u201ca derrota de Viktor Orb\u00e1n e a vit\u00f3ria muito expressiva de Peter Magyar refor\u00e7a a esperan\u00e7a de todos os europeus e dos h\u00fangaros, em especial\u201d. Nesse contexto, o eurodeputado n\u00e3o tem d\u00favida do \u201cregresso do governo h\u00fangaro \u00e0 linha pol\u00edtica da Uni\u00e3o Europeia\u201d, o que \u00e9 em definitivo \u201cuma boa not\u00edcia para as democracias e para a solidez das respostas que a situa\u00e7\u00e3o geopol\u00edtica global exige\u201d. Nem de outra forma podia ser, na sua \u00f3tica: \u201cos resultados eleitorais foram muito claros e estou convencido que est\u00e3o criadas todas as condi\u00e7\u00f5es pol\u00edticas para a desejada mudan\u00e7a\u201d.<\/p>\n<p>Os deputados portugueses Ant\u00f3nio Rodrigues, do PSD, e Lu\u00eds Gra\u00e7a, do PS, integraram a miss\u00e3o de observa\u00e7\u00e3o eleitoral da Assembleia Parlamentar da OSCE, que enviou mais de 130 observadores \u00e0s elei\u00e7\u00f5es legislativas da Hungria. Em declara\u00e7\u00f5es \u00e0 Renascen\u00e7a, Lu\u00eds Gra\u00e7a disse que \u201co candidato da oposi\u00e7\u00e3o \u00e9 um dissidente do Fidesz. Ou seja, era de esperar um parlamento h\u00fangaro s\u00f3 com deputados de direita: da direita do Fidesz, do dissidente do Fidesz e da direita mais radical ainda do Nossa P\u00e1tria. \u201cPortanto, quando se olha para este cen\u00e1rio, para um socialista, \u00e9 algo que deixa muita preocupa\u00e7\u00e3o\u201d, referiu ainda antes de conhecidos os resultados.<\/p>\n<p>\u00a0<\/p>\n<p><strong>Quem \u00e9 P\u00e9ter Magyar?<\/strong><\/p>\n<p>H\u00e1 vinte anos, um jovem advogado h\u00fangaro sedento de justi\u00e7a social, ou pelo menos farto de ver a corrup\u00e7\u00e3o a evoluir no pa\u00eds tomando conta do aparelho do Estado, juntou-se ao partido que empunhava a bandeira da \u2018limpeza\u2019: chamava-se Fidesz e era liderado pelo ent\u00e3o l\u00edder da oposi\u00e7\u00e3o, Viktor Orb\u00e1n. A ascens\u00e3o de Magyar no quadro interno do partido n\u00e3o demorou \u2013 principalmente a partir do momento em que se casou (em 2006) com outra figura em ascens\u00e3o, Judit Varga \u2013 com quem teve tr\u00eas filhos \u2013 antiga ministra da Justi\u00e7a.<\/p>\n<p>Membro do Parlamento Europeu, P\u00e9ter Magyar foi o \u2018pai\u2019 do Partido Respeito e Liberdade (Tisza). H\u00e1 tr\u00eas anos, entrou em rutura com o partido de Orb\u00e1n quando ainda era o seu pr\u00f3prio partido, desistiu de todos os cargos relacionados com o governo e formou uma nova plataforma pol\u00edtica para os h\u00fangaros descontentes \u2013 tanto com o governo como com a inoperante oposi\u00e7\u00e3o. O discurso de Magyar foi inesperadamente bem recebido e o seu partido conseguiu ficar em segundo lugar nas elei\u00e7\u00f5es europeias de 2024, apenas atr\u00e1s do Fidesz, obtendo quase 30% dos votos.<\/p>\n<p>Em 2024, P\u00e9ter Magyar divulgou grava\u00e7\u00f5es de uma discuss\u00e3o que manteve com a ex-mulher a prop\u00f3sito do famoso esc\u00e2ndalo de corrup\u00e7\u00e3o Schadl-Volner, o que teve o benef\u00edcio de o colocar solidamente no lugar de algu\u00e9m que quer preservar a verdade, contra os esquemas il\u00edcitos do poder de Viktor Orb\u00e1n. O caso, que envolvia abusos sexuais de menores, n\u00e3o podia ser mais s\u00f3rdido. O casamento n\u00e3o sobreviveu. A carreira pol\u00edtica de Judit Varga terminou abruptamente, quando Orb\u00e1n a responsabilizou pelo alegado encobrimento do esc\u00e2ndalo. Varga demitiu-se no meio da crescente indigna\u00e7\u00e3o com o perd\u00e3o concedido a um ex-funcion\u00e1rio condenado por ajudar a encobrir abusos num orfanato.<\/p>\n<p>De 45 anos, Magyar \u00e9 oriundo de uma fam\u00edlia conservadora e abastada de Budapeste, a capital. Entre os seus familiares contam-se advogados e ju\u00edzes proeminentes, bem como o ex-presidente Ferenc M\u00e1dl, eleito durante o primeiro mandato de Orb\u00e1n enquanto primeiro-ministro.<\/p>\n","protected":false},"excerpt":{"rendered":"O liberal Cotrim de Figueiredo e o social-democrata Paulo Cunha aplaudem com entusiasmo a vit\u00f3ria do opositor sobre&hellip;\n","protected":false},"author":2,"featured_media":342544,"comment_status":"","ping_status":"","sticky":false,"template":"","format":"standard","meta":{"footnotes":"","_share_on_mastodon":"0"},"categories":[8],"tags":[27,28,15,16,50145,14,1991,17460,25,26,58976,21,22,12,13,19,20,58977,54144,32,23,24,33,17,18,29,30,31,1992],"class_list":["post-342543","post","type-post","status-publish","format-standard","has-post-thumbnail","category-principais-noticias","tag-breaking-news","tag-breakingnews","tag-featured-news","tag-featurednews","tag-fidesz","tag-headlines","tag-hungria","tag-joao-cotrim-de-figueiredo","tag-latest-news","tag-latestnews","tag-luis-graca","tag-main-news","tag-mainnews","tag-news","tag-noticias","tag-noticias-principais","tag-noticiasprincipais","tag-paulo-cunha","tag-peter-magyar","tag-portugal","tag-principais-noticias","tag-principaisnoticias","tag-pt","tag-top-stories","tag-topstories","tag-ultimas","tag-ultimas-noticias","tag-ultimasnoticias","tag-viktor-orban"],"share_on_mastodon":{"url":"","error":""},"_links":{"self":[{"href":"https:\/\/www.europesays.com\/pt\/wp-json\/wp\/v2\/posts\/342543","targetHints":{"allow":["GET"]}}],"collection":[{"href":"https:\/\/www.europesays.com\/pt\/wp-json\/wp\/v2\/posts"}],"about":[{"href":"https:\/\/www.europesays.com\/pt\/wp-json\/wp\/v2\/types\/post"}],"author":[{"embeddable":true,"href":"https:\/\/www.europesays.com\/pt\/wp-json\/wp\/v2\/users\/2"}],"replies":[{"embeddable":true,"href":"https:\/\/www.europesays.com\/pt\/wp-json\/wp\/v2\/comments?post=342543"}],"version-history":[{"count":0,"href":"https:\/\/www.europesays.com\/pt\/wp-json\/wp\/v2\/posts\/342543\/revisions"}],"wp:featuredmedia":[{"embeddable":true,"href":"https:\/\/www.europesays.com\/pt\/wp-json\/wp\/v2\/media\/342544"}],"wp:attachment":[{"href":"https:\/\/www.europesays.com\/pt\/wp-json\/wp\/v2\/media?parent=342543"}],"wp:term":[{"taxonomy":"category","embeddable":true,"href":"https:\/\/www.europesays.com\/pt\/wp-json\/wp\/v2\/categories?post=342543"},{"taxonomy":"post_tag","embeddable":true,"href":"https:\/\/www.europesays.com\/pt\/wp-json\/wp\/v2\/tags?post=342543"}],"curies":[{"name":"wp","href":"https:\/\/api.w.org\/{rel}","templated":true}]}}