{"id":342565,"date":"2026-04-14T13:03:22","date_gmt":"2026-04-14T13:03:22","guid":{"rendered":"https:\/\/www.europesays.com\/pt\/342565\/"},"modified":"2026-04-14T13:03:22","modified_gmt":"2026-04-14T13:03:22","slug":"vai-que-cola-globo-marca-final-de-serie-apos-13-anos-14-04-2026-outro-canal","status":"publish","type":"post","link":"https:\/\/www.europesays.com\/pt\/342565\/","title":{"rendered":"Vai que Cola: Globo marca final de s\u00e9rie ap\u00f3s 13 anos &#8211; 14\/04\/2026 &#8211; Outro Canal"},"content":{"rendered":"<p>\n<strong class=\"c-signature__location\">Aracaju <\/strong>\n<\/p>\n<p>A <a href=\"https:\/\/www1.folha.uol.com.br\/folha-topicos\/globo\/\" rel=\"nofollow noopener\" target=\"_blank\">Globo<\/a> marcou a data de estreia da \u00faltima temporada do humor\u00edstico &#8220;Vai Que Cola&#8221;, que vai chegar ao fim ap\u00f3s 13 anos no ar. A \u00faltima leva de epis\u00f3dios vai ao ar a partir do dia 5 de outubro, uma segunda-feira. Roteiristas e atores j\u00e1 foram avisados.<\/p>\n<p>  <a href=\"https:\/\/f5.folha.uol.com.br\/colunistas\/outro-canal\/\" rel=\"nofollow noopener\" target=\"_blank\"><br \/>\n    <img decoding=\"async\" src=\"https:\/\/www.europesays.com\/pt\/wp-content\/uploads\/2026\/04\/172599691166e09f6f54fe2_1725996911_1x1_xs.jpg\" alt=\"Foto de Outro Canal\" class=\"img-responsive c-lazyload\"\/><\/p>\n<p>  <\/a><\/p>\n<p class=\"author__description\">\n    Cobre diariamente os bastidores das novelas, do telejornalismo e da m\u00eddia esportiva. Tem como titular o jornalista Gabriel Vaquer\n  <\/p>\n","protected":false},"excerpt":{"rendered":"Aracaju A Globo marcou a data de estreia da \u00faltima temporada do humor\u00edstico &#8220;Vai Que Cola&#8221;, que vai&hellip;\n","protected":false},"author":2,"featured_media":342566,"comment_status":"","ping_status":"","sticky":false,"template":"","format":"standard","meta":{"footnotes":"","_share_on_mastodon":"0"},"categories":[142],"tags":[219,211,223,1573,114,115,224,225,226,753,221,220,222,2933,32,2934,33,2566,218,228,151,2932,227],"class_list":["post-342565","post","type-post","status-publish","format-standard","has-post-thumbnail","category-tv","tag-bichos","tag-celebridades","tag-colunistas","tag-comdia","tag-entertainment","tag-entretenimento","tag-estranho","tag-eu-amo","tag-fofices","tag-globo","tag-horoscopo","tag-humanos","tag-humor","tag-multishow","tag-portugal","tag-programa-de-humor","tag-pt","tag-televiso","tag-televisao","tag-tudo","tag-tv","tag-vai-que-cola","tag-videos"],"share_on_mastodon":{"url":"https:\/\/pubeurope.com\/@pt\/116403202320182048","error":""},"_links":{"self":[{"href":"https:\/\/www.europesays.com\/pt\/wp-json\/wp\/v2\/posts\/342565","targetHints":{"allow":["GET"]}}],"collection":[{"href":"https:\/\/www.europesays.com\/pt\/wp-json\/wp\/v2\/posts"}],"about":[{"href":"https:\/\/www.europesays.com\/pt\/wp-json\/wp\/v2\/types\/post"}],"author":[{"embeddable":true,"href":"https:\/\/www.europesays.com\/pt\/wp-json\/wp\/v2\/users\/2"}],"replies":[{"embeddable":true,"href":"https:\/\/www.europesays.com\/pt\/wp-json\/wp\/v2\/comments?post=342565"}],"version-history":[{"count":0,"href":"https:\/\/www.europesays.com\/pt\/wp-json\/wp\/v2\/posts\/342565\/revisions"}],"wp:featuredmedia":[{"embeddable":true,"href":"https:\/\/www.europesays.com\/pt\/wp-json\/wp\/v2\/media\/342566"}],"wp:attachment":[{"href":"https:\/\/www.europesays.com\/pt\/wp-json\/wp\/v2\/media?parent=342565"}],"wp:term":[{"taxonomy":"category","embeddable":true,"href":"https:\/\/www.europesays.com\/pt\/wp-json\/wp\/v2\/categories?post=342565"},{"taxonomy":"post_tag","embeddable":true,"href":"https:\/\/www.europesays.com\/pt\/wp-json\/wp\/v2\/tags?post=342565"}],"curies":[{"name":"wp","href":"https:\/\/api.w.org\/{rel}","templated":true}]}}