{"id":342691,"date":"2026-04-14T14:54:16","date_gmt":"2026-04-14T14:54:16","guid":{"rendered":"https:\/\/www.europesays.com\/pt\/342691\/"},"modified":"2026-04-14T14:54:16","modified_gmt":"2026-04-14T14:54:16","slug":"recluso-apanhado-com-pen-de-iptv-e-cinco-telemoveis","status":"publish","type":"post","link":"https:\/\/www.europesays.com\/pt\/342691\/","title":{"rendered":"Recluso apanhado com pen de IPTV e cinco telem\u00f3veis"},"content":{"rendered":"<p>Tudo aconteceu num estabelecimento prisional na regi\u00e3o de Lisboa onde um recluso foi apanhado com v\u00e1rios equipamentos proibidos pouco depois de uma visita do seu advogado.<\/p>\n<p><a target=\"_blank\" href=\"https:\/\/pplware.sapo.pt\/wp-content\/uploads\/2025\/02\/prisao00.jpg\" onclick=\"refreshIframe()\" class=\"foobox\" rel=\"nofollow noopener\"><img fetchpriority=\"high\" decoding=\"async\" src=\"https:\/\/www.europesays.com\/pt\/wp-content\/uploads\/2026\/04\/prisao00-720x405.jpg\" alt=\"Recluso apanhado com pen de IPTV e cinco telem\u00f3veis\" width=\"720\" height=\"405\" class=\"aligncenter wp-image-1041005 size-medium\"  \/><\/a><\/p>\n<p>Pen de IPTV poder\u00e1 ter sido utilizada para acesso a conte\u00fados ilegais<\/p>\n<p>As autoridades apreenderam cinco telem\u00f3veis e uma pen associada a servi\u00e7os de IPTV, levantando suspeitas sobre a forma como os dispositivos ter\u00e3o entrado na pris\u00e3o.<\/p>\n<p>Segundo avan\u00e7ou a CNN Portugal, o caso ocorreu ap\u00f3s uma a\u00e7\u00e3o de fiscaliza\u00e7\u00e3o que detetou os equipamentos na posse do recluso. A <strong>presen\u00e7a de m\u00faltiplos telem\u00f3veis dentro do estabelecimento prisional \u00e9, por si s\u00f3, uma infra\u00e7\u00e3o grave<\/strong>, mas o destaque vai tamb\u00e9m para a <strong>pen de IPTV, que poder\u00e1 ter sido utilizada para acesso a conte\u00fados ilegais.<\/strong><\/p>\n<p>As autoridades prisionais est\u00e3o agora a investigar as circunst\u00e2ncias em que os dispositivos ter\u00e3o sido introduzidos no estabelecimento, n\u00e3o sendo para j\u00e1 claro se houve facilita\u00e7\u00e3o externa ou falhas nos mecanismos de controlo.<\/p>\n<p><a target=\"_blank\" href=\"https:\/\/pplware.sapo.pt\/wp-content\/uploads\/2019\/04\/prisao_00.jpg\" onclick=\"refreshIframe()\" class=\"foobox\" rel=\"nofollow noopener\"><img loading=\"lazy\" decoding=\"async\" src=\"https:\/\/www.europesays.com\/pt\/wp-content\/uploads\/2026\/04\/prisao_00-720x426.jpg\" alt=\"Recluso apanhado com pen de IPTV e cinco telem\u00f3veis\" width=\"720\" height=\"426\" class=\"aligncenter wp-image-584410 size-medium\"  \/><\/a><\/p>\n<p>Este tipo de ocorr\u00eancias n\u00e3o \u00e9 novo e continua a expor fragilidades nos sistemas de seguran\u00e7a das pris\u00f5es, sobretudo no que diz respeito \u00e0 entrada de tecnologia proibida. O uso de telem\u00f3veis por reclusos tem sido associado a v\u00e1rias atividades il\u00edcitas, desde comunica\u00e7\u00f5es n\u00e3o autorizadas at\u00e9 esquemas organizados a partir do interior dos estabelecimentos.<\/p>\n<p>Para j\u00e1, o caso segue em investiga\u00e7\u00e3o e poder\u00e1 dar origem a medidas disciplinares adicionais, bem como a um eventual refor\u00e7o dos mecanismos de vigil\u00e2ncia e controlo nas visitas.<\/p>\n","protected":false},"excerpt":{"rendered":"Tudo aconteceu num estabelecimento prisional na regi\u00e3o de Lisboa onde um recluso foi apanhado com v\u00e1rios equipamentos proibidos&hellip;\n","protected":false},"author":2,"featured_media":342692,"comment_status":"","ping_status":"","sticky":false,"template":"","format":"standard","meta":{"footnotes":"","_share_on_mastodon":"0"},"categories":[10],"tags":[27,28,15,16,14,844,25,26,21,22,12,13,19,20,32,23,24,33,4057,17,18,29,30,31],"class_list":["post-342691","post","type-post","status-publish","format-standard","has-post-thumbnail","category-portugal","tag-breaking-news","tag-breakingnews","tag-featured-news","tag-featurednews","tag-headlines","tag-iptv","tag-latest-news","tag-latestnews","tag-main-news","tag-mainnews","tag-news","tag-noticias","tag-noticias-principais","tag-noticiasprincipais","tag-portugal","tag-principais-noticias","tag-principaisnoticias","tag-pt","tag-telemoveis","tag-top-stories","tag-topstories","tag-ultimas","tag-ultimas-noticias","tag-ultimasnoticias"],"share_on_mastodon":{"url":"https:\/\/pubeurope.com\/@pt\/116403639061890010","error":""},"_links":{"self":[{"href":"https:\/\/www.europesays.com\/pt\/wp-json\/wp\/v2\/posts\/342691","targetHints":{"allow":["GET"]}}],"collection":[{"href":"https:\/\/www.europesays.com\/pt\/wp-json\/wp\/v2\/posts"}],"about":[{"href":"https:\/\/www.europesays.com\/pt\/wp-json\/wp\/v2\/types\/post"}],"author":[{"embeddable":true,"href":"https:\/\/www.europesays.com\/pt\/wp-json\/wp\/v2\/users\/2"}],"replies":[{"embeddable":true,"href":"https:\/\/www.europesays.com\/pt\/wp-json\/wp\/v2\/comments?post=342691"}],"version-history":[{"count":0,"href":"https:\/\/www.europesays.com\/pt\/wp-json\/wp\/v2\/posts\/342691\/revisions"}],"wp:featuredmedia":[{"embeddable":true,"href":"https:\/\/www.europesays.com\/pt\/wp-json\/wp\/v2\/media\/342692"}],"wp:attachment":[{"href":"https:\/\/www.europesays.com\/pt\/wp-json\/wp\/v2\/media?parent=342691"}],"wp:term":[{"taxonomy":"category","embeddable":true,"href":"https:\/\/www.europesays.com\/pt\/wp-json\/wp\/v2\/categories?post=342691"},{"taxonomy":"post_tag","embeddable":true,"href":"https:\/\/www.europesays.com\/pt\/wp-json\/wp\/v2\/tags?post=342691"}],"curies":[{"name":"wp","href":"https:\/\/api.w.org\/{rel}","templated":true}]}}