{"id":342751,"date":"2026-04-14T15:48:11","date_gmt":"2026-04-14T15:48:11","guid":{"rendered":"https:\/\/www.europesays.com\/pt\/342751\/"},"modified":"2026-04-14T15:48:11","modified_gmt":"2026-04-14T15:48:11","slug":"microsoft-acabara-com-a-maior-queixa-dos-utilizadores-do-windows","status":"publish","type":"post","link":"https:\/\/www.europesays.com\/pt\/342751\/","title":{"rendered":"Microsoft acabar\u00e1 com a maior queixa dos utilizadores do Windows"},"content":{"rendered":"<p>As atualiza\u00e7\u00f5es do Windows s\u00e3o muitas vezes fontes de problemas. Os utilizadores bem as tentam controlar, mas acabam rendidos ao que \u00e9 oferecido. Isso muda agora e o sistema de atualiza\u00e7\u00f5es do Windows est\u00e1 prestes a sofrer uma pequena revolu\u00e7\u00e3o. A Microsoft vai finalmente permitir que se pause a instala\u00e7\u00e3o de atualiza\u00e7\u00f5es indefinidamente.<\/p>\n<p><a target=\"_blank\" href=\"https:\/\/pplware.sapo.pt\/wp-content\/uploads\/2024\/07\/windows_update_windows_11.jpg\" onclick=\"refreshIframe()\" class=\"foobox\" rel=\"nofollow noopener\"><img fetchpriority=\"high\" decoding=\"async\" src=\"https:\/\/www.europesays.com\/pt\/wp-content\/uploads\/2026\/04\/windows_update_windows_11-720x405.jpg\" alt=\"Windows atualiza\u00e7\u00f5es Microsoft pausar\" width=\"720\" height=\"405\" class=\"alignnone size-medium wp-image-1004959\"  \/><\/a>\n<\/p>\n<p>Microsoft vai mudar as atualiza\u00e7\u00f5es do Windows<\/p>\n<p>Importa ser bem claro neste processo. Desativar as atualiza\u00e7\u00f5es no Windows 11 n\u00e3o \u00e9 geralmente recomendado para quem quiser continuar a utilizar o computador em seguran\u00e7a. No entanto, e em alguns casos, pode ser \u00fatil manter o controlo sobre as mesmas, principalmente para decidir como e quando as instalar.<\/p>\n<p>Desde o lan\u00e7amento do Windows 10 que a Microsoft tem limitado esta liberdade, permitindo aos utilizadores pausar as atualiza\u00e7\u00f5es por um per\u00edodo m\u00e1ximo de cinco semanas. Esta limita\u00e7\u00e3o \u00e9 uma das muitas cr\u00edticas feitas \u00e0 gigante do software pelos utilizadores. E com uma raz\u00e3o bem clara. Durante v\u00e1rios meses, as atualiza\u00e7\u00f5es do sistema operativo resultaram numa longa lista de bugs.<\/p>\n<blockquote class=\"tw-align-center twitter-tweet\">\n<p lang=\"en\" dir=\"ltr\">First look at changes coming to Windows 11&#8217;s pause updates option!<\/p>\n<p>The button\/dropdown menu are being replaced with a button for a calendar view, which lets you choose a specific date to pause until (instead of 1 week, 2 weeks, etc. and having to manually resume early). <a target=\"_blank\" href=\"https:\/\/t.co\/mv6yw76cNL\" rel=\"nofollow\">pic.twitter.com\/mv6yw76cNL<\/a><\/p>\n<p>\u2014 phantomofearth \ud83c\udf33 (@phantomofearth) <a target=\"_blank\" href=\"https:\/\/twitter.com\/phantomofearth\/status\/2042910455140655196?ref_src=twsrc%5Etfw\" rel=\"nofollow noopener\">April 11, 2026<\/a><\/p>\n<\/blockquote>\n<p>A Microsoft, que finalmente compreendeu a indigna\u00e7\u00e3o dos seus utilizadores com esta situa\u00e7\u00e3o, revelou h\u00e1 algumas semanas a sua inten\u00e7\u00e3o de melhorar e otimizar o Windows 11. Para isso acabou oferecendo aos utilizadores aquilo que t\u00eam pedido h\u00e1 anos. Na mais recente vers\u00e3o Insider, a Microsoft est\u00e1 a testar um novo sistema para escolher a dura\u00e7\u00e3o da pausa nas atualiza\u00e7\u00f5es do Windows 11. <\/p>\n<p>Pausar quando se quer e pelo tempo que se quiser<\/p>\n<p>At\u00e9 ent\u00e3o, o sistema operativo apenas oferecia um menu suspenso que permitia aos utilizadores selecionar uma pausa de uma a cinco semanas. Isto sem outra op\u00e7\u00e3o sen\u00e3o retomar as atualiza\u00e7\u00f5es manualmente caso desejassem paus\u00e1-las por alguns dias. Mas este sistema vai evoluir e em breve, este menu suspenso ser\u00e1 substitu\u00eddo por um calend\u00e1rio que permitir\u00e1 selecionar a dura\u00e7\u00e3o exata da pausa para as atualiza\u00e7\u00f5es.<\/p>\n<blockquote class=\"tw-align-center twitter-tweet\" data-conversation=\"none\">\n<p lang=\"en\" dir=\"ltr\">More screenshots. (Don&#8217;t make any assumptions purely based off the dates available to choose from in these screens, this is in a preview build where it isn&#8217;t even rolling out.) <a target=\"_blank\" href=\"https:\/\/t.co\/gftrBjxNLL\" rel=\"nofollow\">pic.twitter.com\/gftrBjxNLL<\/a><\/p>\n<p>\u2014 phantomofearth \ud83c\udf33 (@phantomofearth) <a target=\"_blank\" href=\"https:\/\/twitter.com\/phantomofearth\/status\/2042927128325263762?ref_src=twsrc%5Etfw\" rel=\"nofollow noopener\">April 11, 2026<\/a><\/p>\n<\/blockquote>\n<p>Atualmente, a dura\u00e7\u00e3o m\u00e1xima da pausa nas atualiza\u00e7\u00f5es do Windows 11 \u00e9 desconhecida, mas seria bastante surpreendente se a Microsoft n\u00e3o implementasse uma. Nas m\u00e1quinas que executam uma vers\u00e3o do Windows 11 perto do fim do suporte, a empresa de Redmond tem o h\u00e1bito de for\u00e7ar uma atualiza\u00e7\u00e3o do sistema operativo para garantir que os utilizadores beneficiam dos patches de seguran\u00e7a mais recentes.<\/p>\n<p>A data de lan\u00e7amento deste novo sistema de pausa do calend\u00e1rio no Windows Update permanece desconhecida. A Microsoft, que testa atualmente esta nova funcionalidade, ainda nem sequer o ativou por defeito para os participantes do programa Insider. No entanto, \u00e9 poss\u00edvel for\u00e7ar a sua ativa\u00e7\u00e3o utilizando o ViVeTool , digitando o comando `vivetool \/enable \/id:61410885`.<\/p>\n<p>\t\t\t\t\t\t<script async src=\"https:\/\/platform.twitter.com\/widgets.js\" charset=\"utf-8\"><\/script><\/p>\n","protected":false},"excerpt":{"rendered":"As atualiza\u00e7\u00f5es do Windows s\u00e3o muitas vezes fontes de problemas. Os utilizadores bem as tentam controlar, mas acabam&hellip;\n","protected":false},"author":2,"featured_media":342752,"comment_status":"","ping_status":"","sticky":false,"template":"","format":"standard","meta":{"footnotes":"","_share_on_mastodon":"0"},"categories":[84],"tags":[8419,109,107,108,906,24230,32,33,105,103,104,106,110,2540],"class_list":["post-342751","post","type-post","status-publish","format-standard","has-post-thumbnail","category-ciencia-e-tecnologia","tag-atualizacoes","tag-ciencia","tag-ciencia-e-tecnologia","tag-cienciaetecnologia","tag-microsoft","tag-pausar","tag-portugal","tag-pt","tag-science","tag-science-and-technology","tag-scienceandtechnology","tag-technology","tag-tecnologia","tag-windows"],"share_on_mastodon":{"url":"https:\/\/pubeurope.com\/@pt\/116403850980808583","error":""},"_links":{"self":[{"href":"https:\/\/www.europesays.com\/pt\/wp-json\/wp\/v2\/posts\/342751","targetHints":{"allow":["GET"]}}],"collection":[{"href":"https:\/\/www.europesays.com\/pt\/wp-json\/wp\/v2\/posts"}],"about":[{"href":"https:\/\/www.europesays.com\/pt\/wp-json\/wp\/v2\/types\/post"}],"author":[{"embeddable":true,"href":"https:\/\/www.europesays.com\/pt\/wp-json\/wp\/v2\/users\/2"}],"replies":[{"embeddable":true,"href":"https:\/\/www.europesays.com\/pt\/wp-json\/wp\/v2\/comments?post=342751"}],"version-history":[{"count":0,"href":"https:\/\/www.europesays.com\/pt\/wp-json\/wp\/v2\/posts\/342751\/revisions"}],"wp:featuredmedia":[{"embeddable":true,"href":"https:\/\/www.europesays.com\/pt\/wp-json\/wp\/v2\/media\/342752"}],"wp:attachment":[{"href":"https:\/\/www.europesays.com\/pt\/wp-json\/wp\/v2\/media?parent=342751"}],"wp:term":[{"taxonomy":"category","embeddable":true,"href":"https:\/\/www.europesays.com\/pt\/wp-json\/wp\/v2\/categories?post=342751"},{"taxonomy":"post_tag","embeddable":true,"href":"https:\/\/www.europesays.com\/pt\/wp-json\/wp\/v2\/tags?post=342751"}],"curies":[{"name":"wp","href":"https:\/\/api.w.org\/{rel}","templated":true}]}}