{"id":34292,"date":"2025-08-18T12:38:36","date_gmt":"2025-08-18T12:38:36","guid":{"rendered":"https:\/\/www.europesays.com\/pt\/34292\/"},"modified":"2025-08-18T12:38:36","modified_gmt":"2025-08-18T12:38:36","slug":"estes-sao-os-piores-cereais-de-supermercado-segundo-nutricionista","status":"publish","type":"post","link":"https:\/\/www.europesays.com\/pt\/34292\/","title":{"rendered":"Estes s\u00e3o os piores cereais de supermercado, segundo nutricionista"},"content":{"rendered":"<p>Quando vamos ao supermercado, levamos habitualmente uma lista de compras previamente feita com aquilo que est\u00e1 a faltar em casa. Mas, por vezes, somos surpreendidos com novidades que nos deixam na d\u00favida se levamos ou n\u00e3o. Ser\u00e1 saud\u00e1vel? Podemos incluir diariamente na alimenta\u00e7\u00e3o?\u00a0<\/p>\n<p>Depois de sabermos que os <a href=\"https:\/\/versa.iol.pt\/pingo-doce\/cereais\/novos-cereais-do-pingo-doce-podem-ser-os-melhores-no-mercado\/20250812\/6899d5b0d34ef72ee44950bb\" rel=\"nofollow noopener\" target=\"_blank\">novos cereais do Pingo Doce s\u00e3o aprovados por uma nutricionista<\/a>, vamos agora conhecer quais s\u00e3o os cereais que uma especialista em nutri\u00e7\u00e3o n\u00e3o recomenda para consumo di\u00e1rio. E eis o primeiro alerta da nutricionista Lia Faria: &#8220;N\u00e3o te deixes enganar por palavras como &#8216;fitness&#8217;, &#8216;natural&#8217;, &#8216;integral&#8217; ou &#8216;rico em&#8217;\u2026&#8221;. E h\u00e1 mais aspetos a ter em aten\u00e7\u00e3o.<\/p>\n<p>&#8220;\u00c9 essencial saber ler os r\u00f3tulos alimentares: a lista de ingredientes deve ter ingredientes simples e a quantidade de a\u00e7\u00facar n\u00e3o deve estar acima dos 22,5 g\/100 g de a\u00e7\u00facar (valor alto). O valor ideal \u00e9 <\/p>\n<p>V\u00ea o v\u00eddeo abaixo.<\/p>\n<p>\u00a0<\/p>\n","protected":false},"excerpt":{"rendered":"Quando vamos ao supermercado, levamos habitualmente uma lista de compras previamente feita com aquilo que est\u00e1 a faltar&hellip;\n","protected":false},"author":2,"featured_media":34293,"comment_status":"","ping_status":"","sticky":false,"template":"","format":"standard","meta":{"footnotes":""},"categories":[83],"tags":[1081,88,10853,204,89,90,754,388,186,1079,32,33,10116,1078,1080],"class_list":{"0":"post-34292","1":"post","2":"type-post","3":"status-publish","4":"format-standard","5":"has-post-thumbnail","7":"category-empresas","8":"tag-beleza","9":"tag-business","10":"tag-cereais","11":"tag-design","12":"tag-economy","13":"tag-empresas","14":"tag-gastronomia","15":"tag-gourmet","16":"tag-lifestyle","17":"tag-moda","18":"tag-portugal","19":"tag-pt","20":"tag-supermercado","21":"tag-versa","22":"tag-viagens"},"share_on_mastodon":{"url":"","error":""},"_links":{"self":[{"href":"https:\/\/www.europesays.com\/pt\/wp-json\/wp\/v2\/posts\/34292","targetHints":{"allow":["GET"]}}],"collection":[{"href":"https:\/\/www.europesays.com\/pt\/wp-json\/wp\/v2\/posts"}],"about":[{"href":"https:\/\/www.europesays.com\/pt\/wp-json\/wp\/v2\/types\/post"}],"author":[{"embeddable":true,"href":"https:\/\/www.europesays.com\/pt\/wp-json\/wp\/v2\/users\/2"}],"replies":[{"embeddable":true,"href":"https:\/\/www.europesays.com\/pt\/wp-json\/wp\/v2\/comments?post=34292"}],"version-history":[{"count":0,"href":"https:\/\/www.europesays.com\/pt\/wp-json\/wp\/v2\/posts\/34292\/revisions"}],"wp:featuredmedia":[{"embeddable":true,"href":"https:\/\/www.europesays.com\/pt\/wp-json\/wp\/v2\/media\/34293"}],"wp:attachment":[{"href":"https:\/\/www.europesays.com\/pt\/wp-json\/wp\/v2\/media?parent=34292"}],"wp:term":[{"taxonomy":"category","embeddable":true,"href":"https:\/\/www.europesays.com\/pt\/wp-json\/wp\/v2\/categories?post=34292"},{"taxonomy":"post_tag","embeddable":true,"href":"https:\/\/www.europesays.com\/pt\/wp-json\/wp\/v2\/tags?post=34292"}],"curies":[{"name":"wp","href":"https:\/\/api.w.org\/{rel}","templated":true}]}}