{"id":34300,"date":"2025-08-18T12:46:08","date_gmt":"2025-08-18T12:46:08","guid":{"rendered":"https:\/\/www.europesays.com\/pt\/34300\/"},"modified":"2025-08-18T12:46:08","modified_gmt":"2025-08-18T12:46:08","slug":"taylor-swift-anuncia-the-life-of-a-showgirl-o-que-sabemos","status":"publish","type":"post","link":"https:\/\/www.europesays.com\/pt\/34300\/","title":{"rendered":"Taylor Swift anuncia The Life of a Showgirl: o que sabemos"},"content":{"rendered":"<p style=\"text-align: justify;\" data-start=\"232\" data-end=\"600\">Depois de 24 horas de especula\u00e7\u00f5es acaloradas entre os \u201cswifties\u201d, <a href=\"https:\/\/tmjbrazil.com.br\/tag\/taylor-swift\/\" target=\"_blank\" rel=\"nofollow noopener\"><strong>Taylor Swift<\/strong><\/a> confirmou o lan\u00e7amento de seu 12\u00ba \u00e1lbum de est\u00fadio. O projeto, batizado de The Life of a Showgirl, foi revelado durante a participa\u00e7\u00e3o da cantora no podcast New Heights, apresentado por seu namorado, o jogador de futebol americano Travis Kelce.<\/p>\n<p style=\"text-align: justify;\" data-start=\"602\" data-end=\"932\">Os rumores come\u00e7aram pela manh\u00e3, quando as redes sociais de Swift publicaram uma sequ\u00eancia de 12 fotos acompanhada da legenda: \u201cpensando sobre quando ela disse \u2018Vejo voc\u00ea na pr\u00f3xima era\u2026\u2019\u201d. A mensagem foi interpretada pelos f\u00e3s como uma refer\u00eancia direta ao fim da turn\u00ea The Eras Tour e \u00e0 chegada de uma nova fase art\u00edstica.<\/p>\n<p>Taylor Swift: de recordes a novos rumos<\/p>\n<p style=\"text-align: justify;\" data-start=\"1382\" data-end=\"1833\">O trabalho mais recente de Swift, The Tortured Poets Department, lan\u00e7ado em 2024, tornou-se o \u00e1lbum mais reproduzido em um \u00fanico dia no Spotify, consolidando seu dom\u00ednio absoluto no mercado fonogr\u00e1fico. A expectativa em torno de The Life of a Showgirl \u00e9 de que ele mantenha a sequ\u00eancia de recordes, refor\u00e7ada pelo impacto da turn\u00ea anterior, que reuniu 10 milh\u00f5es de espectadores em 53 cidades e movimentou bilh\u00f5es de d\u00f3lares na economia mundial.<\/p>\n<p style=\"text-align: justify;\" data-start=\"1835\" data-end=\"2157\">A est\u00e9tica do novo \u00e1lbum parece se distanciar das cores mais s\u00f3brias do trabalho anterior, apostando em tons de verde e laranja, conforme revelado em imagens promocionais. Para cr\u00edticos, essa mudan\u00e7a pode sinalizar uma nova dire\u00e7\u00e3o criativa da artista, conhecida por transformar cada lan\u00e7amento em uma narrativa pr\u00f3pria.<\/p>\n<p>Carreira marcada por reinven\u00e7\u00f5es<\/p>\n<p style=\"text-align: justify;\" data-start=\"2198\" data-end=\"2569\">Al\u00e9m da estreia iminente, Swift vive outro momento decisivo: em maio deste ano, anunciou a recompra dos direitos fonogr\u00e1ficos de seus seis primeiros \u00e1lbuns, encerrando uma batalha que se arrastava desde 2019, quando o empres\u00e1rio Scooter Braun adquiriu sua antiga gravadora. A artista j\u00e1 relan\u00e7ou quatro dos seis discos nessa nova vers\u00e3o, batizada de Taylor\u2019s Version.<\/p>\n<p style=\"text-align: justify;\" data-start=\"2571\" data-end=\"2856\">Reconhecida como uma das artistas mais influentes de sua gera\u00e7\u00e3o, Swift soma 14 pr\u00eamios Grammy \u2014 incluindo um feito in\u00e9dito de quatro estatuetas de \u00c1lbum do Ano \u2014, al\u00e9m de recordes em premia\u00e7\u00f5es como o MTV Video Music Awards e o American Music Awards, que a nomeou Artista da D\u00e9cada.<\/p>\n<p>Novos ind\u00edcios narrativos<\/p>\n<p style=\"text-align: justify;\" data-start=\"2890\" data-end=\"3331\">Embora Swift costume manter dist\u00e2ncia da imprensa tradicional, trechos borrados de supostas letras que circulam na internet levantam a possibilidade de que o novo disco volte a abordar relacionamentos, tema recorrente em sua discografia. A editora adjunta de m\u00fasica do The Guardian, Laura Snapes, disse \u00e0 BBC Radio 4 que o an\u00fancio pelo podcast de Kelce pode sinalizar \u201cuma mudan\u00e7a de tom\u201d na maneira como a artista compartilha novidades.<\/p>\n<p style=\"text-align: justify;\" data-start=\"3333\" data-end=\"3578\">\u201cUm \u00e1lbum da Taylor funciona como uma esp\u00e9cie de atualiza\u00e7\u00e3o pessoal\u201d, avaliou Snapes. \u201cE revelar detalhes em um espa\u00e7o mais \u00edntimo pode indicar uma estrat\u00e9gia diferente de comunica\u00e7\u00e3o, ou simplesmente um gesto espont\u00e2neo ao lado do namorado.\u201d<\/p>\n<p>Sabrina Carpenter comenta sobre colabora\u00e7\u00e3o em novo \u00e1lbum de Taylor Swift<\/p>\n<p style=\"text-align: justify;\">Recentemente,\u00a0<a href=\"https:\/\/tmjbrazil.com.br\/tag\/sabrina-carpenter\/\" target=\"_blank\" rel=\"nofollow noopener\"><strong>Sabrina Carpenter<\/strong><\/a>\u00a0compartilhou no Instagram sua rea\u00e7\u00e3o sobre sua participa\u00e7\u00e3o no novo \u00e1lbum de\u00a0<strong>Taylor Swift.<\/strong><\/p>\n<p style=\"text-align: justify;\">Segundo a People, logo ap\u00f3s a cantora anunciar seu 12\u00ba \u00e1lbum de est\u00fadio,\u00a0<strong>The Life of a Showgirl<\/strong>, na \u00faltima quarta-feira, 13 de agosto, Sabrina postou nos stories da rede social sua empolga\u00e7\u00e3o com a futura parceria.<\/p>\n<p style=\"text-align: justify;\">\u201cTHE LIFE OF A SHOWGIRL 3 DE OUTUBRO.\u00a0Eu conhe\u00e7o algu\u00e9m que est\u00e1 pirando e sou eu\u201d,\u00a0legendou a publica\u00e7\u00e3o, compartilhando a contracapa do pr\u00f3ximo \u00e1lbum de Taylor Swift que traz a lista de faixas.<\/p>\n<p style=\"text-align: justify;\">De acordo com a publica\u00e7\u00e3o,\u00a0<a href=\"https:\/\/www.instagram.com\/sabrinacarpenter\/\" rel=\"nofollow noopener\" target=\"_blank\">Sabrina Carpenter<\/a>\u00a0tamb\u00e9m compartilhou uma foto antiga dela e de Taylor da Eras Tour.<\/p>\n<p style=\"text-align: justify;\">Vale lembrar que no dia 13 de agosto, Taylor Swift, compartilhou no Instagram que seu pr\u00f3ximo \u00e1lbum,\u00a0<strong>The Life of a Showgirl<\/strong>, ser\u00e1 lan\u00e7ado na sexta-feira, dia 3 de outubro.<\/p>\n<p style=\"text-align: justify;\">Vale destacar que Sabrina Carpenter era f\u00e3 de Taylor Swift mesmo antes de ela ser a atra\u00e7\u00e3o de abertura da Eras Tour.<\/p>\n<p style=\"text-align: justify;\">Em 2020, ela se abriu para a Apple Music sobre como a m\u00fasica da estrela, e especificamente seu \u00e1lbum\u00a0<strong>Folklore<\/strong>, de 2020, inspirou seu pr\u00f3prio processo criativo.<\/p>\n<p style=\"text-align: justify;\">\u201cTaylor Swift postou algo quando lan\u00e7ou seu novo \u00e1lbum na descri\u00e7\u00e3o de quando ele foi lan\u00e7ado, dizendo algo como: \u2018Eu normalmente penso demais nas m\u00fasicas que vou lan\u00e7ar\u2019\u201d, disse a cantora do sucesso de \u201cEspresso\u201d na \u00e9poca. \u201cE\u00a0eu simplesmente sinto que nada \u00e9 certo agora, ent\u00e3o parecia certo e eu queria fazer isso.\u201d<\/p>\n<p>                          <script async src=\"\/\/www.instagram.com\/embed.js\"><\/script><\/p>\n","protected":false},"excerpt":{"rendered":"Depois de 24 horas de especula\u00e7\u00f5es acaloradas entre os \u201cswifties\u201d, Taylor Swift confirmou o lan\u00e7amento de seu 12\u00ba&hellip;\n","protected":false},"author":2,"featured_media":34301,"comment_status":"","ping_status":"","sticky":false,"template":"","format":"standard","meta":{"footnotes":""},"categories":[141],"tags":[660,114,115,149,150,12,214,32,33,1973,662],"class_list":{"0":"post-34300","1":"post","2":"type-post","3":"status-publish","4":"format-standard","5":"has-post-thumbnail","7":"category-musica","8":"tag-cb","9":"tag-entertainment","10":"tag-entretenimento","11":"tag-music","12":"tag-musica","13":"tag-news","14":"tag-pop","15":"tag-portugal","16":"tag-pt","17":"tag-taylor-swift","18":"tag-tmj-brazil"},"share_on_mastodon":{"url":"","error":""},"_links":{"self":[{"href":"https:\/\/www.europesays.com\/pt\/wp-json\/wp\/v2\/posts\/34300","targetHints":{"allow":["GET"]}}],"collection":[{"href":"https:\/\/www.europesays.com\/pt\/wp-json\/wp\/v2\/posts"}],"about":[{"href":"https:\/\/www.europesays.com\/pt\/wp-json\/wp\/v2\/types\/post"}],"author":[{"embeddable":true,"href":"https:\/\/www.europesays.com\/pt\/wp-json\/wp\/v2\/users\/2"}],"replies":[{"embeddable":true,"href":"https:\/\/www.europesays.com\/pt\/wp-json\/wp\/v2\/comments?post=34300"}],"version-history":[{"count":0,"href":"https:\/\/www.europesays.com\/pt\/wp-json\/wp\/v2\/posts\/34300\/revisions"}],"wp:featuredmedia":[{"embeddable":true,"href":"https:\/\/www.europesays.com\/pt\/wp-json\/wp\/v2\/media\/34301"}],"wp:attachment":[{"href":"https:\/\/www.europesays.com\/pt\/wp-json\/wp\/v2\/media?parent=34300"}],"wp:term":[{"taxonomy":"category","embeddable":true,"href":"https:\/\/www.europesays.com\/pt\/wp-json\/wp\/v2\/categories?post=34300"},{"taxonomy":"post_tag","embeddable":true,"href":"https:\/\/www.europesays.com\/pt\/wp-json\/wp\/v2\/tags?post=34300"}],"curies":[{"name":"wp","href":"https:\/\/api.w.org\/{rel}","templated":true}]}}