{"id":34312,"date":"2025-08-18T12:58:33","date_gmt":"2025-08-18T12:58:33","guid":{"rendered":"https:\/\/www.europesays.com\/pt\/34312\/"},"modified":"2025-08-18T12:58:33","modified_gmt":"2025-08-18T12:58:33","slug":"presidente-da-guine-bissau-recusa-explicar-em-cabo-verde-razoes-de-expulsao-de-lusa-rtp-e-rdp","status":"publish","type":"post","link":"https:\/\/www.europesays.com\/pt\/34312\/","title":{"rendered":"Presidente da Guin\u00e9-Bissau recusa explicar em Cabo Verde raz\u00f5es de expuls\u00e3o de Lusa, RTP e RDP"},"content":{"rendered":"<p>&#13;<br \/>\n&#8220;\u00c9 um problema da Guin\u00e9-Bissau com Portugal, n\u00e3o \u00e9 com Cabo Verde. N\u00e3o vou responder a isso&#8221;, disse o Presidente guineense quando questionado pelos jornalistas, no pal\u00e1cio do Governo, na cidade da Praia. &#13;\n<\/p>\n<p>&#13;<br \/>\nO Governo da Guin\u00e9-Bissau decidiu na sexta-feira expulsar as delega\u00e7\u00f5es da ag\u00eancia Lusa, da RTP e da RDP do pa\u00eds, suspender as suas emiss\u00f5es com efeitos imediatos e ordenar aos seus representantes que deixem o pa\u00eds at\u00e9 ter\u00e7a-feira. N\u00e3o foram avan\u00e7adas raz\u00f5es para esta decis\u00e3o.&#13;\n<\/p>\n<p>&#13;<br \/>\n&#8220;N\u00e3o vou falar nada sobre Portugal em Cabo Verde&#8221;, refor\u00e7ou Sissoco Embal\u00f3.&#13;<\/p>\n","protected":false},"excerpt":{"rendered":"&#13; &#8220;\u00c9 um problema da Guin\u00e9-Bissau com Portugal, n\u00e3o \u00e9 com Cabo Verde. N\u00e3o vou responder a isso&#8221;,&hellip;\n","protected":false},"author":2,"featured_media":34313,"comment_status":"","ping_status":"","sticky":false,"template":"","format":"standard","meta":{"footnotes":""},"categories":[10],"tags":[27,28,15,16,14,25,26,21,22,12,13,19,20,32,23,24,33,17,18,29,30,31,10856],"class_list":{"0":"post-34312","1":"post","2":"type-post","3":"status-publish","4":"format-standard","5":"has-post-thumbnail","7":"category-portugal","8":"tag-breaking-news","9":"tag-breakingnews","10":"tag-featured-news","11":"tag-featurednews","12":"tag-headlines","13":"tag-latest-news","14":"tag-latestnews","15":"tag-main-news","16":"tag-mainnews","17":"tag-news","18":"tag-noticias","19":"tag-noticias-principais","20":"tag-noticiasprincipais","21":"tag-portugal","22":"tag-principais-noticias","23":"tag-principaisnoticias","24":"tag-pt","25":"tag-top-stories","26":"tag-topstories","27":"tag-ultimas","28":"tag-ultimas-noticias","29":"tag-ultimasnoticias","30":"tag-verde"},"share_on_mastodon":{"url":"","error":""},"_links":{"self":[{"href":"https:\/\/www.europesays.com\/pt\/wp-json\/wp\/v2\/posts\/34312","targetHints":{"allow":["GET"]}}],"collection":[{"href":"https:\/\/www.europesays.com\/pt\/wp-json\/wp\/v2\/posts"}],"about":[{"href":"https:\/\/www.europesays.com\/pt\/wp-json\/wp\/v2\/types\/post"}],"author":[{"embeddable":true,"href":"https:\/\/www.europesays.com\/pt\/wp-json\/wp\/v2\/users\/2"}],"replies":[{"embeddable":true,"href":"https:\/\/www.europesays.com\/pt\/wp-json\/wp\/v2\/comments?post=34312"}],"version-history":[{"count":0,"href":"https:\/\/www.europesays.com\/pt\/wp-json\/wp\/v2\/posts\/34312\/revisions"}],"wp:featuredmedia":[{"embeddable":true,"href":"https:\/\/www.europesays.com\/pt\/wp-json\/wp\/v2\/media\/34313"}],"wp:attachment":[{"href":"https:\/\/www.europesays.com\/pt\/wp-json\/wp\/v2\/media?parent=34312"}],"wp:term":[{"taxonomy":"category","embeddable":true,"href":"https:\/\/www.europesays.com\/pt\/wp-json\/wp\/v2\/categories?post=34312"},{"taxonomy":"post_tag","embeddable":true,"href":"https:\/\/www.europesays.com\/pt\/wp-json\/wp\/v2\/tags?post=34312"}],"curies":[{"name":"wp","href":"https:\/\/api.w.org\/{rel}","templated":true}]}}