{"id":343392,"date":"2026-04-15T03:07:18","date_gmt":"2026-04-15T03:07:18","guid":{"rendered":"https:\/\/www.europesays.com\/pt\/343392\/"},"modified":"2026-04-15T03:07:18","modified_gmt":"2026-04-15T03:07:18","slug":"vaca-catarina-miranda-reage-a-palavras-de-liliana-oliveira-especialista-na-area","status":"publish","type":"post","link":"https:\/\/www.europesays.com\/pt\/343392\/","title":{"rendered":"Vaca?! Catarina Miranda reage a palavras de Liliana Oliveira: &#8220;Especialista na \u00e1rea&#8221;"},"content":{"rendered":"<p>Catarina Miranda esteve presente na plateia da mais recente gala da d\u00e9cima edi\u00e7\u00e3o de &#8220;Secret Story &#8211; Casa dos Segredos&#8221;, que ficou marcada pela expuls\u00e3o de Ariana Miranda.<\/p>\n<p>Depois desta noite, a segunda classificada do &#8220;<a href=\"https:\/\/tvi.iol.pt\/bigbrother\" target=\"_blank\" rel=\"nofollow noopener\">Big Brother<\/a> Ver\u00e3o&#8221; publicou um v\u00eddeo no Instagram, no qual lan\u00e7ou um apelo:\u00a0&#8220;Aquilo, no final do dia, \u00e9 s\u00f3 um jogo. Acho que \u00e9 isso que as pessoas n\u00e3o percebem. Tenho pena dos pais e das fam\u00edlias, que n\u00e3o t\u00eam nada a ver com isto. Se fossem os vossos filhos, vossos primos ou vossos irm\u00e3os, voc\u00eas n\u00e3o gostariam que vos fizessem isso. Por isso, acho que temos de ter um bocadinho de compaix\u00e3o pelo pr\u00f3ximo&#8221;.<\/p>\n<p>Estas palavras originaram uma rea\u00e7\u00e3o de <a href=\"https:\/\/selfie.iol.pt\/famosos\/ariana-miranda\/nova-polemica-liliana-oliveira-condena-catarina-miranda-a-falta-de-coerencia-desta-rapariga\/20260414\/69de788fd34e28842c82e89b\" target=\"_blank\" rel=\"nofollow noopener\">Liliana Oliveira<\/a>. Na mesma rede social, a terceira classificada da nona temporada de &#8220;<a href=\"https:\/\/tvi.iol.pt\/secretstory\/\" target=\"_blank\" rel=\"nofollow noopener\">Secret Story<\/a> &#8211; Casa dos Segredos&#8221; deixou uma cr\u00edtica \u00e0 pol\u00e9mica antiga moradora da casa mais vigiada do Pa\u00eds: &#8220;Primeiro, alimenta o \u00f3dio. Depois, fala de compaix\u00e3o. A falta de coer\u00eancia desta rapariga nunca bateu certo.&#8221;<\/p>\n<p>Catarina Miranda n\u00e3o ficou calada. Reproduzindo uma not\u00edcia a dar conta da farpa que recebeu, a jovem colocou\u00a0uma imagem animada de uma vaca e escreveu: &#8220;Nada como uma especialista na \u00e1rea para comentar, n\u00e3o \u00e9?&#8221;<\/p>\n<p>J\u00e1 num v\u00eddeo, igualmente partilhado no Instagram, a ex-participante de reality shows da <a href=\"https:\/\/tvi.iol.pt\/\" target=\"_blank\" rel=\"nofollow noopener\">TVI<\/a> disse: &#8220;Sei que voc\u00eas gostariam muito de uma resposta minha, mas eu n\u00e3o respondo a jogadores da terceira liga. Estou nem a\u00ed. J\u00e1 estou quase reformada. J\u00e1 estou para ir para a reforma dos reality e \u00e9 isso.&#8221;<\/p>\n<p>&#8220;Eu n\u00e3o me meto com ningu\u00e9m. As pessoas metem-se comigo. N\u00e3o sei o que querem. Estou na paz do Senhor&#8221;, acrescentou.<\/p>\n<p>Veja, agora, o v\u00eddeo feito por <a href=\"https:\/\/selfie.iol.pt\/famosos\/big-brother\/ao-lado-da-mulher-sergio-duarte-faz-revelacao-que-envolve-catarina-miranda-nunca-disse-isto-a-vanda\/20260414\/69de4cfbd34edcee7c630508\" target=\"_blank\" rel=\"nofollow noopener\">Catarina Miranda<\/a>.<\/p>\n<p style=\"text-align:center\"><img loading=\"lazy\" decoding=\"async\" alt=\"\" height=\"500\" src=\"https:\/\/www.europesays.com\/pt\/wp-content\/uploads\/2026\/04\/69dea0a5d34edcee7c630a50.webp\" width=\"277\"\/><\/p>\n<p>\u00a0<\/p>\n","protected":false},"excerpt":{"rendered":"Catarina Miranda esteve presente na plateia da mais recente gala da d\u00e9cima edi\u00e7\u00e3o de &#8220;Secret Story &#8211; Casa&hellip;\n","protected":false},"author":2,"featured_media":343393,"comment_status":"","ping_status":"","sticky":false,"template":"","format":"standard","meta":{"footnotes":"","_share_on_mastodon":"0"},"categories":[142],"tags":[51064,56178,6308,48,1170,2632,46676,13471,342,114,115,6309,980,1015,24883,619,32,33,1014,1315,6985,46677,16687,46679,16686,1012,6986,46678,16688,151,162],"class_list":["post-343392","post","type-post","status-publish","format-standard","has-post-thumbnail","category-tv","tag-ariana","tag-ariana-miranda","tag-bb","tag-big-brother","tag-big-brother-verao","tag-casa-dos-segredos","tag-casa-dos-segredos-10","tag-casa-dos-segredos-9","tag-catarina-miranda","tag-entertainment","tag-entretenimento","tag-ex-concorrente","tag-famosos","tag-instagram","tag-liliana-oliveira","tag-nacional","tag-portugal","tag-pt","tag-reality-show","tag-secret-story","tag-secret-story-casa-dos-segredos","tag-secret-story-casa-dos-segredos-10","tag-secret-story-casa-dos-segredos-9","tag-secret-story-10","tag-secret-story-9","tag-selfie","tag-ss","tag-ss10","tag-ss9","tag-tv","tag-tvi"],"share_on_mastodon":{"url":"","error":"Validation failed: Text character limit of 500 exceeded"},"_links":{"self":[{"href":"https:\/\/www.europesays.com\/pt\/wp-json\/wp\/v2\/posts\/343392","targetHints":{"allow":["GET"]}}],"collection":[{"href":"https:\/\/www.europesays.com\/pt\/wp-json\/wp\/v2\/posts"}],"about":[{"href":"https:\/\/www.europesays.com\/pt\/wp-json\/wp\/v2\/types\/post"}],"author":[{"embeddable":true,"href":"https:\/\/www.europesays.com\/pt\/wp-json\/wp\/v2\/users\/2"}],"replies":[{"embeddable":true,"href":"https:\/\/www.europesays.com\/pt\/wp-json\/wp\/v2\/comments?post=343392"}],"version-history":[{"count":0,"href":"https:\/\/www.europesays.com\/pt\/wp-json\/wp\/v2\/posts\/343392\/revisions"}],"wp:featuredmedia":[{"embeddable":true,"href":"https:\/\/www.europesays.com\/pt\/wp-json\/wp\/v2\/media\/343393"}],"wp:attachment":[{"href":"https:\/\/www.europesays.com\/pt\/wp-json\/wp\/v2\/media?parent=343392"}],"wp:term":[{"taxonomy":"category","embeddable":true,"href":"https:\/\/www.europesays.com\/pt\/wp-json\/wp\/v2\/categories?post=343392"},{"taxonomy":"post_tag","embeddable":true,"href":"https:\/\/www.europesays.com\/pt\/wp-json\/wp\/v2\/tags?post=343392"}],"curies":[{"name":"wp","href":"https:\/\/api.w.org\/{rel}","templated":true}]}}