{"id":34354,"date":"2025-08-18T13:35:06","date_gmt":"2025-08-18T13:35:06","guid":{"rendered":"https:\/\/www.europesays.com\/pt\/34354\/"},"modified":"2025-08-18T13:35:06","modified_gmt":"2025-08-18T13:35:06","slug":"madonna-comemora-aniversario-com-bolo-de-labubu-madudu","status":"publish","type":"post","link":"https:\/\/www.europesays.com\/pt\/34354\/","title":{"rendered":"Madonna comemora anivers\u00e1rio com bolo de Labubu: &#8220;Madudu&#8221;"},"content":{"rendered":"<p class=\"my-5 break-words group-[.isActiveSource]:text-xl\">Os 67 anos de <strong class=\"group-[.isActiveSource]:text-xl group-[.isActiveSource]:font-bold\">Madonna <\/strong>chegaram no dia 16 de agosto com uma comemora\u00e7\u00e3o que teve at\u00e9 a presen\u00e7a de um<strong class=\"group-[.isActiveSource]:text-xl group-[.isActiveSource]:font-bold\"> Labubu em homenagem<\/strong> \u00e0 cantora.<\/p>\n<p class=\"my-5 break-words group-[.isActiveSource]:text-xl\">Bea \u00c5kerlund, amiga da artista, publicou em suas redes sociais alguns imagens da comemora\u00e7\u00e3o da artista, que aconteceu em uma viagem \u00e0 It\u00e1lia. Al\u00e9m de assistir \u00e0 <strong class=\"group-[.isActiveSource]:text-xl group-[.isActiveSource]:font-bold\">corridas de cavalos com os filhos<\/strong>, Madonna celebrou a data com um bolo de anivers\u00e1rio com um <strong class=\"group-[.isActiveSource]:text-xl group-[.isActiveSource]:font-bold\">Labubu comest\u00edvel cor de rosa rosa enorme no topo,\u00a0vestido com um corset pontudo<\/strong> que se tornou uma marca da trajet\u00f3ria da voz de &#8220;Vogue&#8221;. <strong class=\"group-[.isActiveSource]:text-xl group-[.isActiveSource]:font-bold\">&#8220;Feliz anivers\u00e1rio, Madudu&#8221;<\/strong>, dizia a sobremesa brincando com o nome da artista.<\/p>\n<p class=\"my-5 break-words group-[.isActiveSource]:text-xl\">No \u00e1lbum de fotos de \u00c5kerlund, a diretora criativa escreveu uma dedicat\u00f3ria para a amiga: &#8220;A vida doce ao m\u00e1ximo. Madonna, mem\u00f3rias de uma vida inteira&#8221;.<\/p>\n<p><img decoding=\"async\" src=\"https:\/\/www.europesays.com\/pt\/wp-content\/uploads\/2025\/08\/labubu.jpeg\" alt=\"Madonna ganha bolo de Labubu \u2022 Reprodu\u00e7\u00e3o\/Instagram\" width=\"849\" height=\"477\" class=\"flex size-full object-cover\" loading=\"lazy\"\/>Madonna ganha bolo de Labubu \u2022 Reprodu\u00e7\u00e3o\/Instagram<\/p>\n<p class=\"my-5 break-words group-[.isActiveSource]:text-xl\">Os Labubus s\u00e3o<a href=\"https:\/\/www.cnnbrasil.com.br\/lifestyle\/entenda-febre-e-polemica-por-tras-dos-labubus\/\" target=\"_self\" rel=\"nofollow noopener\" class=\"text-red-600 underline hover:text-red-500 font-medium break-words group-[.isActiveSource]:text-xl\"> <strong class=\"group-[.isActiveSource]:text-xl group-[.isActiveSource]:font-bold\">bonecos inspirados nos contos de fadas n\u00f3rdicos<\/strong><\/a> que se tornaram o <a href=\"https:\/\/www.cnnbrasil.com.br\/economia\/negocios\/labubu-fake-mercado-alerta-sobre-boneca-que-perde-olhos-maos-e-pes\/\" target=\"_self\" rel=\"nofollow noopener\" class=\"text-red-600 underline hover:text-red-500 font-medium break-words group-[.isActiveSource]:text-xl\">acess\u00f3rio fashion<\/a> de celebridades como Rihanna e Dua Lipa. Nesta final de semana tamb\u00e9m, <strong class=\"group-[.isActiveSource]:text-xl group-[.isActiveSource]:font-bold\">Lisa subiu ao palco de um show do BLACKPINK<\/strong>, em Londres, vestida como a pel\u00facia, com um <strong class=\"group-[.isActiveSource]:text-xl group-[.isActiveSource]:font-bold\">conjunto cor de rosa de pelinhos<\/strong>, uma m\u00e1scara da criatura e claro, um Labubu pendurado no look.<\/p>\n<blockquote class=\"twitter-tweet\" data-media-max-width=\"560\">\n<p dir=\"ltr\" lang=\"tl\" class=\"my-5 break-words group-[.isActiveSource]:text-xl\">NAWT THE LABUBU MASK <a href=\"https:\/\/t.co\/FJ7onE3wye\" class=\"text-red-600 underline hover:text-red-500 font-medium break-words group-[.isActiveSource]:text-xl\" target=\"_blank\" rel=\"noopener noreferrer nofollow\">pic.twitter.com\/FJ7onE3wye<\/a><\/p>\n<p class=\"my-5 break-words group-[.isActiveSource]:text-xl\">\u2014 \ud83d\udc7d (@bvlgrlisa) <a href=\"https:\/\/twitter.com\/bvlgrlisa\/status\/1956808500526580050?ref_src=twsrc%5Etfw\" class=\"text-red-600 underline hover:text-red-500 font-medium break-words group-[.isActiveSource]:text-xl\" target=\"_blank\" rel=\"noopener noreferrer nofollow\">August 16, 2025<\/a><\/p>\n<\/blockquote>\n<p><script async src=\"https:\/\/platform.twitter.com\/widgets.js\" charset=\"utf-8\"><\/script><\/p>\n","protected":false},"excerpt":{"rendered":"Os 67 anos de Madonna chegaram no dia 16 de agosto com uma comemora\u00e7\u00e3o que teve at\u00e9 a&hellip;\n","protected":false},"author":2,"featured_media":34355,"comment_status":"","ping_status":"","sticky":false,"template":"","format":"standard","meta":{"footnotes":""},"categories":[141],"tags":[114,115,149,150,32,33],"class_list":{"0":"post-34354","1":"post","2":"type-post","3":"status-publish","4":"format-standard","5":"has-post-thumbnail","7":"category-musica","8":"tag-entertainment","9":"tag-entretenimento","10":"tag-music","11":"tag-musica","12":"tag-portugal","13":"tag-pt"},"share_on_mastodon":{"url":"","error":""},"_links":{"self":[{"href":"https:\/\/www.europesays.com\/pt\/wp-json\/wp\/v2\/posts\/34354","targetHints":{"allow":["GET"]}}],"collection":[{"href":"https:\/\/www.europesays.com\/pt\/wp-json\/wp\/v2\/posts"}],"about":[{"href":"https:\/\/www.europesays.com\/pt\/wp-json\/wp\/v2\/types\/post"}],"author":[{"embeddable":true,"href":"https:\/\/www.europesays.com\/pt\/wp-json\/wp\/v2\/users\/2"}],"replies":[{"embeddable":true,"href":"https:\/\/www.europesays.com\/pt\/wp-json\/wp\/v2\/comments?post=34354"}],"version-history":[{"count":0,"href":"https:\/\/www.europesays.com\/pt\/wp-json\/wp\/v2\/posts\/34354\/revisions"}],"wp:featuredmedia":[{"embeddable":true,"href":"https:\/\/www.europesays.com\/pt\/wp-json\/wp\/v2\/media\/34355"}],"wp:attachment":[{"href":"https:\/\/www.europesays.com\/pt\/wp-json\/wp\/v2\/media?parent=34354"}],"wp:term":[{"taxonomy":"category","embeddable":true,"href":"https:\/\/www.europesays.com\/pt\/wp-json\/wp\/v2\/categories?post=34354"},{"taxonomy":"post_tag","embeddable":true,"href":"https:\/\/www.europesays.com\/pt\/wp-json\/wp\/v2\/tags?post=34354"}],"curies":[{"name":"wp","href":"https:\/\/api.w.org\/{rel}","templated":true}]}}