{"id":343627,"date":"2026-04-15T09:37:17","date_gmt":"2026-04-15T09:37:17","guid":{"rendered":"https:\/\/www.europesays.com\/pt\/343627\/"},"modified":"2026-04-15T09:37:17","modified_gmt":"2026-04-15T09:37:17","slug":"cara-de-barro-ganha-trailer-na-cinemacon-2026-leia-descricao","status":"publish","type":"post","link":"https:\/\/www.europesays.com\/pt\/343627\/","title":{"rendered":"Cara-de-Barro ganha trailer na CinemaCon 2026; leia descri\u00e7\u00e3o"},"content":{"rendered":"<p class=\"wp-block-yoast-seo-estimated-reading-time yoast-reading-time__wrapper\">Estimated reading time: 3 minutos<\/p>\n<p>A <a href=\"https:\/\/ovicio.com.br\/tag\/dc\/\" rel=\"nofollow noopener\" target=\"_blank\">DC Studios<\/a> revelou o primeiro trailer de <a href=\"https:\/\/ovicio.com.br\/tag\/cara-de-barro\/\" rel=\"nofollow noopener\" target=\"_blank\">Cara-de-Barro<\/a> durante o seu painel de apresenta\u00e7\u00f5es na conven\u00e7\u00e3o <strong>CinemaCon 2026<\/strong>.<\/p>\n<p>A nova produ\u00e7\u00e3o explorar\u00e1 o subg\u00eanero de terror corporal para contar a sombria hist\u00f3ria de origem de um dos vil\u00f5es mais cl\u00e1ssicos do <a href=\"https:\/\/ovicio.com.br\/tag\/batman\/\" rel=\"nofollow noopener\" target=\"_blank\">Batman<\/a>.<\/p>\n<p>O ator <strong>Tom Rhys Harries<\/strong> estrela o longa-metragem como Matt Hagen.<\/p>\n<p>Na trama, o personagem come\u00e7a como um ator iniciante com o rosto desfigurado, antes de passar por uma transforma\u00e7\u00e3o cient\u00edfica que converte seu corpo completamente em argila.<\/p>\n<p>Ao som da m\u00fasica &#8220;<strong>Do You Realize<\/strong>&#8220;, da banda <strong>The Flaming Lips<\/strong>, a pr\u00e9via in\u00e9dita mostra Matt sentado em uma cama de hospital com o rosto ensanguentado e enfaixado.<\/p>\n<p>Ap\u00f3s ser atacado por um agressor armado com uma faca, o protagonista recebe diversas inje\u00e7\u00f5es com subst\u00e2ncias qu\u00edmicas misteriosas que lhe conferem habilidades sobre-humanas.<\/p>\n<p>O material destaca o rosto de Matt mudando repetidamente, perdendo os olhos e a boca em alguns momentos de descontrole.<\/p>\n<p>A sequ\u00eancia atinge o seu \u00e1pice nos momentos finais, quando o personagem aparece sentado em uma banheira e limpa toda a sua face distorcida.<\/p>\n<p>Em uma refer\u00eancia direta \u00e0s ra\u00edzes das hist\u00f3rias em quadrinhos, o v\u00eddeo tamb\u00e9m apresenta uma cena onde o metamorfo exibe um punho gigante em formato de ma\u00e7a.<\/p>\n<p>O tom adotado pelo projeto rendeu rea\u00e7\u00f5es extremamente positivas entre os donos de cinema presentes no evento em Las Vegas.<\/p>\n<p>A abordagem visual foi fortemente comparada ao aclamado arco &#8220;<strong>Perito em Formas Humanas<\/strong>&#8220;, da cl\u00e1ssica s\u00e9rie animada <strong>Batman: A S\u00e9rie Animada<\/strong>.<\/p>\n<p>O muito c\u00e9tico jornalista <strong>Jeff Sneider<\/strong> elogiou intensamente a atmosfera perturbadora da obra, afirmando que a est\u00e9tica sombria se destaca positivamente por fugir dos padr\u00f5es e clich\u00eas coloridos do g\u00eanero de super-her\u00f3is.<\/p>\n<p>O projeto \u00e9 comandado pelo diretor <strong>James Watkins<\/strong> (<strong>N\u00e3o Fale o Mal<\/strong>), com base em um roteiro de <strong>Mike Flanagan<\/strong> (<strong>A Maldi\u00e7\u00e3o da Resid\u00eancia Hill<\/strong>).<\/p>\n<p>O elenco de apoio conta com <strong>Naomi Ackie<\/strong> (<strong>Star Wars: A Ascens\u00e3o Skywalker<\/strong>), <strong>Max Minghella<\/strong> (<strong>A Rede Social<\/strong>), <strong>Eddie Marsan<\/strong> (<strong>Sherlock Holmes<\/strong>) e <strong>David Dencik<\/strong> (<strong>007: Sem Tempo Para Morrer<\/strong>).<\/p>\n<p>O longa integra a nova leva de produ\u00e7\u00f5es do universo compartilhado, que expandir\u00e1 a sua mitologia com filmes como <strong>Supergirl<\/strong> e <strong>Homem do Amanh\u00e3<\/strong>. <strong>Batman: Parte 2<\/strong> tamb\u00e9m ser\u00e1 uma produ\u00e7\u00e3o da <strong>DC Studios<\/strong>, embora n\u00e3o seja situada no <strong>DCU<\/strong>.<\/p>\n<p>O est\u00fadio deve divulgar a pr\u00e9via na internet em breve, mas ainda n\u00e3o h\u00e1 uma data confirmada para o lan\u00e7amento digital.<\/p>\n<p><strong>Cara-de-Barro<\/strong> chegar\u00e1 aos cinemas brasileiros no dia 22 de outubro.<\/p>\n<p>Leia tamb\u00e9m sobre Cara-de-Barro:<\/p>\n","protected":false},"excerpt":{"rendered":"Estimated reading time: 3 minutos A DC Studios revelou o primeiro trailer de Cara-de-Barro durante o seu painel&hellip;\n","protected":false},"author":2,"featured_media":343628,"comment_status":"","ping_status":"","sticky":false,"template":"","format":"standard","meta":{"footnotes":"","_share_on_mastodon":"0"},"categories":[140],"tags":[1948,37692,7319,12237,1661,114,115,147,148,146,32,33],"class_list":["post-343627","post","type-post","status-publish","format-standard","has-post-thumbnail","category-filmes","tag-batman","tag-cara-de-barro","tag-dc-studios","tag-dcu","tag-destaque","tag-entertainment","tag-entretenimento","tag-film","tag-filmes","tag-movies","tag-portugal","tag-pt"],"share_on_mastodon":{"url":"https:\/\/pubeurope.com\/@pt\/116408054243158660","error":""},"_links":{"self":[{"href":"https:\/\/www.europesays.com\/pt\/wp-json\/wp\/v2\/posts\/343627","targetHints":{"allow":["GET"]}}],"collection":[{"href":"https:\/\/www.europesays.com\/pt\/wp-json\/wp\/v2\/posts"}],"about":[{"href":"https:\/\/www.europesays.com\/pt\/wp-json\/wp\/v2\/types\/post"}],"author":[{"embeddable":true,"href":"https:\/\/www.europesays.com\/pt\/wp-json\/wp\/v2\/users\/2"}],"replies":[{"embeddable":true,"href":"https:\/\/www.europesays.com\/pt\/wp-json\/wp\/v2\/comments?post=343627"}],"version-history":[{"count":0,"href":"https:\/\/www.europesays.com\/pt\/wp-json\/wp\/v2\/posts\/343627\/revisions"}],"wp:featuredmedia":[{"embeddable":true,"href":"https:\/\/www.europesays.com\/pt\/wp-json\/wp\/v2\/media\/343628"}],"wp:attachment":[{"href":"https:\/\/www.europesays.com\/pt\/wp-json\/wp\/v2\/media?parent=343627"}],"wp:term":[{"taxonomy":"category","embeddable":true,"href":"https:\/\/www.europesays.com\/pt\/wp-json\/wp\/v2\/categories?post=343627"},{"taxonomy":"post_tag","embeddable":true,"href":"https:\/\/www.europesays.com\/pt\/wp-json\/wp\/v2\/tags?post=343627"}],"curies":[{"name":"wp","href":"https:\/\/api.w.org\/{rel}","templated":true}]}}