{"id":343666,"date":"2026-04-15T10:11:27","date_gmt":"2026-04-15T10:11:27","guid":{"rendered":"https:\/\/www.europesays.com\/pt\/343666\/"},"modified":"2026-04-15T10:11:27","modified_gmt":"2026-04-15T10:11:27","slug":"bcp-propoe-reducao-de-capital-ate-240-milhoes-de-euros-para-cancelar-acoes-proprias-e-posterior-aumento","status":"publish","type":"post","link":"https:\/\/www.europesays.com\/pt\/343666\/","title":{"rendered":"BCP prop\u00f5e redu\u00e7\u00e3o de capital at\u00e9 240 milh\u00f5es de euros para cancelar a\u00e7\u00f5es pr\u00f3prias e posterior aumento"},"content":{"rendered":"<p>        O BCP vai submeter \u00e0 Assembleia Geral Anual, marcada para 7 de maio de 2026, uma proposta de redu\u00e7\u00e3o do capital social em at\u00e9 240 milh\u00f5es de euros. O objetivo \u00e9 extinguir a\u00e7\u00f5es pr\u00f3prias j\u00e1 adquiridas ou que venham a ser adquiridas no \u00e2mbito do programa de recompra de a\u00e7\u00f5es anunciado ao mercado a 25 de fevereiro de 2026.    <\/p>\n<p dir=\"auto\">O Banco Comercial Portugu\u00eas vai apresentar \u00e0 Assembleia Geral Anual de 7 de maio de 2026 duas propostas interligadas que visam permitir a extin\u00e7\u00e3o de a\u00e7\u00f5es pr\u00f3prias adquiridas no \u00e2mbito do programa de recompra de a\u00e7\u00f5es, mantendo simultaneamente o montante do capital social em 3.000 milh\u00f5es de euros e simplificando a estrutura do balan\u00e7o.<\/p>\n<p>O BCP vai submeter \u00e0 Assembleia Geral Anual uma proposta de redu\u00e7\u00e3o do capital social em at\u00e9 240 milh\u00f5es de euros. O objetivo \u00e9 extinguir a\u00e7\u00f5es pr\u00f3prias j\u00e1 adquiridas ou que venham a ser adquiridas no \u00e2mbito do programa de recompra de a\u00e7\u00f5es anunciado ao mercado a 25 de fevereiro de 2026.<\/p>\n<p>A redu\u00e7\u00e3o, que representa at\u00e9 8% do capital social atual (correspondente a um m\u00e1ximo de 1.184.370.167 a\u00e7\u00f5es), tem como finalidade especial o cancelamento de a\u00e7\u00f5es pr\u00f3prias e ser\u00e1 feita sem altera\u00e7\u00e3o da situa\u00e7\u00e3o l\u00edquida do banco. De acordo com a convocat\u00f3ria publicada no site da CMVM, ap\u00f3s a opera\u00e7\u00e3o, a situa\u00e7\u00e3o l\u00edquida continuar\u00e1 a exceder o novo capital social em mais de 20%, cumprindo assim o previsto no artigo 95.\u00ba do C\u00f3digo das Sociedades Comerciais.<\/p>\n<p>A proposta inclui ainda a constitui\u00e7\u00e3o de uma reserva especial, sujeita ao regime da reserva legal, no montante equivalente ao valor de emiss\u00e3o das a\u00e7\u00f5es a extinguir. Em consequ\u00eancia, ser\u00e1 alterado o n.\u00ba 1 do artigo 4.\u00ba dos Estatutos, que passar\u00e1 a refletir o novo capital social de 2.760.000.000 euros (2,76 mil milh\u00f5es) e o correspondente n\u00famero de a\u00e7\u00f5es (13.620.256.922 a\u00e7\u00f5es nominativas escriturais sem valor nominal), com ajuste autom\u00e1tico e proporcional caso a redu\u00e7\u00e3o efetiva seja inferior ao montante m\u00e1ximo aprovado.<\/p>\n<p dir=\"auto\">No ponto sete da ordem de trabalhos, o banco prop\u00f5e de imediato o aumento do capital social de volta para 3.000.000.000 euros (3 mil milh\u00f5es), atrav\u00e9s da incorpora\u00e7\u00e3o total dessa mesma reserva especial, sem emiss\u00e3o de novas a\u00e7\u00f5es. O n\u00famero de a\u00e7\u00f5es permanece o resultante da extin\u00e7\u00e3o (13.620.256.922 a\u00e7\u00f5es nominativas escriturais sem valor nominal). Desta forma, mant\u00e9m-se o montante original do capital social, simplifica-se a estrutura do balan\u00e7o e n\u00e3o se altera a situa\u00e7\u00e3o l\u00edquida do banco.<\/p>\n<p dir=\"auto\">As duas delibera\u00e7\u00f5es est\u00e3o condicionadas entre si e \u00e0 aprova\u00e7\u00e3o pr\u00e9via das contas do exerc\u00edcio e \u00e0 obten\u00e7\u00e3o de autoriza\u00e7\u00e3o d0 supervisor banc\u00e1rio. A execu\u00e7\u00e3o final fica ainda dependente de condi\u00e7\u00f5es de mercado e da situa\u00e7\u00e3o financeira e contabil\u00edstica do banco.<\/p>\n<p>As aquisi\u00e7\u00f5es de a\u00e7\u00f5es no \u00e2mbito do Programa de Recompra continuar\u00e3o a ser realizadas nos termos j\u00e1 aprovados e comunicados ao mercado.<\/p>\n<p dir=\"auto\">Ambas as propostas foram aprovadas pelo Conselho de Administra\u00e7\u00e3o do Millennium BCP e constam da ordem de trabalhos da Assembleia Geral Anual de 2026.<\/p>\n<p>\u00a0<\/p>\n","protected":false},"excerpt":{"rendered":"O BCP vai submeter \u00e0 Assembleia Geral Anual, marcada para 7 de maio de 2026, uma proposta de&hellip;\n","protected":false},"author":2,"featured_media":343667,"comment_status":"","ping_status":"","sticky":false,"template":"","format":"standard","meta":{"footnotes":"","_share_on_mastodon":"0"},"categories":[83],"tags":[8655,88,89,90,32,33],"class_list":["post-343666","post","type-post","status-publish","format-standard","has-post-thumbnail","category-empresas","tag-bcp","tag-business","tag-economy","tag-empresas","tag-portugal","tag-pt"],"share_on_mastodon":{"url":"https:\/\/pubeurope.com\/@pt\/116408188015862074","error":""},"_links":{"self":[{"href":"https:\/\/www.europesays.com\/pt\/wp-json\/wp\/v2\/posts\/343666","targetHints":{"allow":["GET"]}}],"collection":[{"href":"https:\/\/www.europesays.com\/pt\/wp-json\/wp\/v2\/posts"}],"about":[{"href":"https:\/\/www.europesays.com\/pt\/wp-json\/wp\/v2\/types\/post"}],"author":[{"embeddable":true,"href":"https:\/\/www.europesays.com\/pt\/wp-json\/wp\/v2\/users\/2"}],"replies":[{"embeddable":true,"href":"https:\/\/www.europesays.com\/pt\/wp-json\/wp\/v2\/comments?post=343666"}],"version-history":[{"count":0,"href":"https:\/\/www.europesays.com\/pt\/wp-json\/wp\/v2\/posts\/343666\/revisions"}],"wp:featuredmedia":[{"embeddable":true,"href":"https:\/\/www.europesays.com\/pt\/wp-json\/wp\/v2\/media\/343667"}],"wp:attachment":[{"href":"https:\/\/www.europesays.com\/pt\/wp-json\/wp\/v2\/media?parent=343666"}],"wp:term":[{"taxonomy":"category","embeddable":true,"href":"https:\/\/www.europesays.com\/pt\/wp-json\/wp\/v2\/categories?post=343666"},{"taxonomy":"post_tag","embeddable":true,"href":"https:\/\/www.europesays.com\/pt\/wp-json\/wp\/v2\/tags?post=343666"}],"curies":[{"name":"wp","href":"https:\/\/api.w.org\/{rel}","templated":true}]}}