{"id":34430,"date":"2025-08-18T14:39:08","date_gmt":"2025-08-18T14:39:08","guid":{"rendered":"https:\/\/www.europesays.com\/pt\/34430\/"},"modified":"2025-08-18T14:39:08","modified_gmt":"2025-08-18T14:39:08","slug":"alta-de-infeccoes-respiratorias-exige-diagnostico-rapido-biologia-molecular-como-resposta-eficaz","status":"publish","type":"post","link":"https:\/\/www.europesays.com\/pt\/34430\/","title":{"rendered":"Alta de infec\u00e7\u00f5es respirat\u00f3rias exige diagn\u00f3stico r\u00e1pido: biologia molecular como resposta eficaz"},"content":{"rendered":"<p> 2 <\/p>\n<p>Nesta \u00e9poca do ano, h\u00e1 um aumento expressivo na circula\u00e7\u00e3o de v\u00edrus respirat\u00f3rios sazonais, com destaque para o V\u00edrus Sincicial Respirat\u00f3rio (VSR), principal agente causador da bronquiolite, a maior causa de interna\u00e7\u00e3o em beb\u00eas e crian\u00e7as pequenas.<\/p>\n<p>Especialistas alertam para o crescimento cont\u00ednuo dos casos de S\u00edndrome Respirat\u00f3ria Aguda Grave (SRAG) em diversas regi\u00f5es do pa\u00eds, com destaque para a popula\u00e7\u00e3o pedi\u00e1trica e idosa. O VSR se mant\u00e9m como o v\u00edrus mais frequentemente detectado em crian\u00e7as pequenas, enquanto a influenza A se destaca entre os idosos. Tamb\u00e9m h\u00e1 presen\u00e7a significativa de rinov\u00edrus e Sars-CoV-2.<\/p>\n<p>Esse cen\u00e1rio refor\u00e7a a import\u00e2ncia de oferecer diagn\u00f3stico r\u00e1pido e preciso, essencial para decis\u00f5es cl\u00ednicas assertivas, controle de surtos e melhor progn\u00f3stico do paciente.<\/p>\n<p>Ao internalizar os testes de biologia molecular com pain\u00e9is respirat\u00f3rios, seu laborat\u00f3rio passa a contar com um fluxo de trabalho mais eficiente, al\u00e9m de resultados com maior sensibilidade e especificidade.<\/p>\n<p>Com o iPonatic, equipamento point of care, voc\u00ea entrega agilidade com detec\u00e7\u00e3o de at\u00e9 6 Pat\u00f3genos para seus pacientes.<\/p>\n<p>Indicado para:<\/p>\n<p>-\u202fInfec\u00e7\u00f5es respirat\u00f3rias virais e bacterianas<br \/>-\u202fS\u00edndromes respirat\u00f3rias agudas<br \/>-\u202fAn\u00e1lise de m\u00faltiplos pat\u00f3genos em uma \u00fanica amostra<\/p>\n<p>Vantagens:<\/p>\n<p>Identifica\u00e7\u00e3o r\u00e1pida e multiplex<\/p>\n<p>Resultados confi\u00e1veis para decis\u00f5es \u00e1geis<\/p>\n<p>Tecnologia moderna e precisa<\/p>\n<p>Cobertura ampla: V\u00edrus da Influenza A\/B, V\u00edrus Sincicial respirat\u00f3rio, Adenov\u00edrus, Rinov\u00edrus Humano e Mycoplasma<\/p>\n<p><strong>47 3183-8200<\/strong><\/p>\n<p><strong>grupostra.com.br<\/strong><\/p>\n<p><strong>contato@grupostra.com.br<\/strong><\/p>\n<p><strong>(ig) grupo_stra (fb) grupostra<\/strong><\/p>\n","protected":false},"excerpt":{"rendered":"2 Nesta \u00e9poca do ano, h\u00e1 um aumento expressivo na circula\u00e7\u00e3o de v\u00edrus respirat\u00f3rios sazonais, com destaque para&hellip;\n","protected":false},"author":2,"featured_media":34431,"comment_status":"","ping_status":"","sticky":false,"template":"","format":"standard","meta":{"footnotes":""},"categories":[86],"tags":[10888,10889,10890,116,10891,32,33,117],"class_list":{"0":"post-34430","1":"post","2":"type-post","3":"status-publish","4":"format-standard","5":"has-post-thumbnail","7":"category-saude","8":"tag-biologia-molecular","9":"tag-diagnostico-rapido","10":"tag-grupo-stra","11":"tag-health","12":"tag-infeccoes-respiratorias","13":"tag-portugal","14":"tag-pt","15":"tag-saude"},"share_on_mastodon":{"url":"","error":""},"_links":{"self":[{"href":"https:\/\/www.europesays.com\/pt\/wp-json\/wp\/v2\/posts\/34430","targetHints":{"allow":["GET"]}}],"collection":[{"href":"https:\/\/www.europesays.com\/pt\/wp-json\/wp\/v2\/posts"}],"about":[{"href":"https:\/\/www.europesays.com\/pt\/wp-json\/wp\/v2\/types\/post"}],"author":[{"embeddable":true,"href":"https:\/\/www.europesays.com\/pt\/wp-json\/wp\/v2\/users\/2"}],"replies":[{"embeddable":true,"href":"https:\/\/www.europesays.com\/pt\/wp-json\/wp\/v2\/comments?post=34430"}],"version-history":[{"count":0,"href":"https:\/\/www.europesays.com\/pt\/wp-json\/wp\/v2\/posts\/34430\/revisions"}],"wp:featuredmedia":[{"embeddable":true,"href":"https:\/\/www.europesays.com\/pt\/wp-json\/wp\/v2\/media\/34431"}],"wp:attachment":[{"href":"https:\/\/www.europesays.com\/pt\/wp-json\/wp\/v2\/media?parent=34430"}],"wp:term":[{"taxonomy":"category","embeddable":true,"href":"https:\/\/www.europesays.com\/pt\/wp-json\/wp\/v2\/categories?post=34430"},{"taxonomy":"post_tag","embeddable":true,"href":"https:\/\/www.europesays.com\/pt\/wp-json\/wp\/v2\/tags?post=34430"}],"curies":[{"name":"wp","href":"https:\/\/api.w.org\/{rel}","templated":true}]}}