{"id":34434,"date":"2025-08-18T14:43:08","date_gmt":"2025-08-18T14:43:08","guid":{"rendered":"https:\/\/www.europesays.com\/pt\/34434\/"},"modified":"2025-08-18T14:43:08","modified_gmt":"2025-08-18T14:43:08","slug":"ucrania-entra-em-choque-direto-com-membro-da-ue-e-da-nato","status":"publish","type":"post","link":"https:\/\/www.europesays.com\/pt\/34434\/","title":{"rendered":"Ucr\u00e2nia entra em choque direto com membro da UE e da NATO"},"content":{"rendered":"<p>\t                Troca de palavras entre ministros dos Neg\u00f3cios Estrangeiros dos dois pa\u00edses incluiu uma amea\u00e7a a Kiev<\/p>\n<p style=\"margin-bottom:11px\">\u00c9 um momento mais tenso de uma rela\u00e7\u00e3o que j\u00e1 n\u00e3o era propriamente saud\u00e1vel. Hungria e Ucr\u00e2nia entraram em acusa\u00e7\u00f5es diretas na rede social X, fazendo estalar o verniz entre Kiev e um Estado-membro da Uni\u00e3o Europeia e da NATO.<\/p>\n<p>Tudo come\u00e7ou depois de o ministro dos Neg\u00f3cios Estrangeiros da Hungria, Peter Szijj\u00e1rt\u00f3, ter acusado a Ucr\u00e2nia de danificar um oleoduto com um ataque de drones.<\/p>\n<p>Por aquele oleoduto flu\u00eda petr\u00f3leo russo, que continua a chegar \u00e0 Hungria apesar de todas as san\u00e7\u00f5es do bloco europeu, numa clara demonstra\u00e7\u00e3o de que Budapeste permanece quase como um agente-duplo em todo o conflito.<\/p>\n<p>\u201cA Ucr\u00e2nia voltou a atacar um oleoduto que vai para a Hungria, cortando o abastecimento. Este \u00faltimo ataque \u00e0 nossa seguran\u00e7a energ\u00e9tica \u00e9 revoltante e inaceit\u00e1vel\u201d, escreveu o ministro na sua conta.<\/p>\n<p>Nessa mesma publica\u00e7\u00e3o informou que tinha falado diretamente com o Kremlin, tendo ligado ao vice-ministro da Energia da R\u00fassia, Pavel Sorokin, que informou a Hungria que especialistas j\u00e1 est\u00e3o no terreno para tentar resolver o problema.<\/p>\n<p>\u201cPor tr\u00eas anos e meio, Bruxelas e Kiev tentaram arrastar a Hungria para a guerra com a Ucr\u00e2nia. Estes repetidos ataques ucranianos ao nosso fornecimento de energia servem esse mesmo prop\u00f3sito. Deixem-me ser claro: esta n\u00e3o \u00e9 a nossa guerra. N\u00e3o temos nada que ver com isso e, enquanto estivermos no comando, a Hungria vai ficar de fora\u201d, acrescentou Peter Szijj\u00e1rt\u00f3.<\/p>\n<p>Palavras que mostram claramente que a Hungria parece estar pouco interessada em saber o que vai sair da reuni\u00e3o desta segunda-feira entre Donald Trump, Volodymyr Zelensky e os respons\u00e1veis europeus.<\/p>\n<p>\u201cFinalmente, um aviso aos decisores ucranianos: a eletricidade da Hungria desempenha um papel vital no fornecimento do vosso pa\u00eds\u2026\u201d, terminou o ministro h\u00fangaro.<\/p>\n<p>Ucr\u00e2nia ir\u00f3nica <\/p>\n<p>O ministro dos Neg\u00f3cios Estrangeiros da Ucr\u00e2nia puxou da ironia para comentar as palavras do hom\u00f3logo h\u00fangaro.<\/p>\n<p>Andrii Sybiha sugeriu que a Hungria \u201cagora pode enviar cumprimentos\u201d \u00e0 R\u00fassia, numa clara provoca\u00e7\u00e3o.<\/p>\n<p>A publica\u00e7\u00e3o do ministro ucraniano na rede social X n\u00e3o negou ou confirmou quaisquer alega\u00e7\u00f5es de ataques.<\/p>\n<p>\u201cFoi a R\u00fassia, n\u00e3o a Ucr\u00e2nia, que come\u00e7ou esta guerra e recusa acab\u00e1-la. H\u00e1 anos que foi dito \u00e0 Hungria que Moscovo n\u00e3o \u00e9 fi\u00e1vel. Apesar disso, a Hungria fez todos os esfor\u00e7os para manter a sua confian\u00e7a na R\u00fassia\u201d, escreveu.<\/p>\n<p>De resto, e como se pode haver abaixo, a publica\u00e7\u00e3o \u00e9 feita em resposta direta a Peter Szijj\u00e1rt\u00f3<\/p>\n<p>Peter, it is Russia, not Ukraine, who began this war and refuses to end it. Hungary has been told for years that Moscow is an unreliable partner. Despite this, Hungary has made every effort to maintain its reliance on Russia. Even after the full-scale war began. You can now send\u2026 <a href=\"https:\/\/t.co\/yvMq8slTG0\" rel=\"nofollow\">https:\/\/t.co\/yvMq8slTG0<\/a><\/p>\n<p>\u2014 Andrii Sybiha \ud83c\uddfa\ud83c\udde6 (@andrii_sybiha) <a href=\"https:\/\/twitter.com\/andrii_sybiha\/status\/1957376609129787649?ref_src=twsrc%5Etfw\" rel=\"nofollow noopener\" target=\"_blank\">August 18, 2025<\/a><\/p>\n<p>Um caso de choque direto da Ucr\u00e2nia com um Estado-membro da Uni\u00e3o Europeia e da NATO.<\/p>\n<p>\t            <script async src=\"https:\/\/platform.twitter.com\/widgets.js\" charset=\"utf-8\"><\/script><\/p>\n","protected":false},"excerpt":{"rendered":"Troca de palavras entre ministros dos Neg\u00f3cios Estrangeiros dos dois pa\u00edses incluiu uma amea\u00e7a a Kiev \u00c9 um&hellip;\n","protected":false},"author":2,"featured_media":34435,"comment_status":"","ping_status":"","sticky":false,"template":"","format":"standard","meta":{"footnotes":""},"categories":[50],"tags":[609,836,611,27,28,607,608,333,832,604,135,610,476,15,16,301,830,14,1991,603,25,26,570,21,22,831,833,62,834,12,13,19,20,10896,835,602,52,32,23,24,839,17,18,840,29,30,31,63,64,65],"class_list":{"0":"post-34434","1":"post","2":"type-post","3":"status-publish","4":"format-standard","5":"has-post-thumbnail","7":"category-mundo","8":"tag-alerta","9":"tag-analise","10":"tag-ao-minuto","11":"tag-breaking-news","12":"tag-breakingnews","13":"tag-cnn","14":"tag-cnn-portugal","15":"tag-comentadores","16":"tag-costa","17":"tag-crime","18":"tag-desporto","19":"tag-direto","20":"tag-economia","21":"tag-featured-news","22":"tag-featurednews","23":"tag-governo","24":"tag-guerra","25":"tag-headlines","26":"tag-hungria","27":"tag-justica","28":"tag-latest-news","29":"tag-latestnews","30":"tag-live","31":"tag-main-news","32":"tag-mainnews","33":"tag-mais-vistas","34":"tag-marcelo","35":"tag-mundo","36":"tag-negocios","37":"tag-news","38":"tag-noticias","39":"tag-noticias-principais","40":"tag-noticiasprincipais","41":"tag-oleoduto","42":"tag-opiniao","43":"tag-pais","44":"tag-politica","45":"tag-portugal","46":"tag-principais-noticias","47":"tag-principaisnoticias","48":"tag-russia","49":"tag-top-stories","50":"tag-topstories","51":"tag-ucrania","52":"tag-ultimas","53":"tag-ultimas-noticias","54":"tag-ultimasnoticias","55":"tag-world","56":"tag-world-news","57":"tag-worldnews"},"share_on_mastodon":{"url":"","error":""},"_links":{"self":[{"href":"https:\/\/www.europesays.com\/pt\/wp-json\/wp\/v2\/posts\/34434","targetHints":{"allow":["GET"]}}],"collection":[{"href":"https:\/\/www.europesays.com\/pt\/wp-json\/wp\/v2\/posts"}],"about":[{"href":"https:\/\/www.europesays.com\/pt\/wp-json\/wp\/v2\/types\/post"}],"author":[{"embeddable":true,"href":"https:\/\/www.europesays.com\/pt\/wp-json\/wp\/v2\/users\/2"}],"replies":[{"embeddable":true,"href":"https:\/\/www.europesays.com\/pt\/wp-json\/wp\/v2\/comments?post=34434"}],"version-history":[{"count":0,"href":"https:\/\/www.europesays.com\/pt\/wp-json\/wp\/v2\/posts\/34434\/revisions"}],"wp:featuredmedia":[{"embeddable":true,"href":"https:\/\/www.europesays.com\/pt\/wp-json\/wp\/v2\/media\/34435"}],"wp:attachment":[{"href":"https:\/\/www.europesays.com\/pt\/wp-json\/wp\/v2\/media?parent=34434"}],"wp:term":[{"taxonomy":"category","embeddable":true,"href":"https:\/\/www.europesays.com\/pt\/wp-json\/wp\/v2\/categories?post=34434"},{"taxonomy":"post_tag","embeddable":true,"href":"https:\/\/www.europesays.com\/pt\/wp-json\/wp\/v2\/tags?post=34434"}],"curies":[{"name":"wp","href":"https:\/\/api.w.org\/{rel}","templated":true}]}}