{"id":34442,"date":"2025-08-18T14:48:24","date_gmt":"2025-08-18T14:48:24","guid":{"rendered":"https:\/\/www.europesays.com\/pt\/34442\/"},"modified":"2025-08-18T14:48:24","modified_gmt":"2025-08-18T14:48:24","slug":"pesquisa-aponta-que-mais-da-metade-dos-brasileiros-nao-le-livros-radio-senado","status":"publish","type":"post","link":"https:\/\/www.europesays.com\/pt\/34442\/","title":{"rendered":"Pesquisa aponta que mais da metade dos brasileiros n\u00e3o l\u00ea livros \u2014 R\u00e1dio Senado"},"content":{"rendered":"<p>Diagn\u00f3stico<\/p>\n<p style=\"text-align: justify; white-space: pre-wrap;\">A 6\u00aa edi\u00e7\u00e3o da pesquisa &#8220;Retratos da Leitura no Brasil&#8221;, do Instituto Pr\u00f3-Livro, revela uma queda significativa no n\u00famero de leitores no pa\u00eds, com uma perda de quase sete milh\u00f5es de leitores nos \u00faltimos quatro anos. Durante esse per\u00edodo, os brasileiros abandonaram o h\u00e1bito da leitura. A coordenadora da pesquisa, Zoara Failla, explica os fatores que contribu\u00edram para essa queda.<\/p>\n<p>29\/11\/2024, 14h07 &#8211; ATUALIZADO EM 29\/11\/2024, 14h07<\/p>\n<p>Dura\u00e7\u00e3o de \u00e1udio: 03:23<\/p>\n<p><img decoding=\"async\" class=\"ShowAudioImage-Image\" src=\"https:\/\/www.europesays.com\/pt\/wp-content\/uploads\/2025\/08\/7d85ec01-c165-4b30-8100-be4d7e8a14a6.jpeg\"\/><\/p>\n<p>freepik.com (direitos reservados)<\/p>\n<p><b>Transcri\u00e7\u00e3o<\/b><br \/>PESQUISA APONTA QUE O N\u00daMERO DE LEITORES NO BRASIL DIMINUIU. CERCA DE 53% DOS ENTREVISTADOS N\u00c3O LERAM SEQUER UMA PARTE DE UMA OBRA NOS TR\u00caS MESES ANTERIORES \u00c0 PESQUISA.<\/p>\n<p>A REP\u00d3RTER J\u00daLIA LOPES CONVERSOU COM A COORDENADORA DA 6\u00aa EDI\u00c7\u00c3O DA PESQUISA RETRATOS DA LEITURA NO BRASIL, ZOARA FAILLA.<\/p>\n<p>Pela primeira vez, a propor\u00e7\u00e3o de n\u00e3o-leitores, que chega a 53%, supera a de leitores, que \u00e9 de 47% no Pa\u00eds. 53% da popula\u00e7\u00e3o afirmou n\u00e3o ter lido nenhum livro, seja impresso ou digital, nos tr\u00eas meses anteriores \u00e0 Sexta edi\u00e7\u00e3o da pesquisa Retratos da Leitura no Brasil do Instituto Pr\u00f3-Livro. A perda foi de quase 7 milh\u00f5es de leitores nos \u00faltimos quatro anos.<br \/>\nO cen\u00e1rio \u00e9 ainda mais preocupante quando se observa a leitura de livros inteiros: 73% dos brasileiros, 148 milh\u00f5es, n\u00e3o completaram nenhuma leitura.<br \/>\nEssa perda de consumidores de livros \u00e9 registrada em todas as faixas et\u00e1rias, classes sociais e n\u00edveis de escolaridade, com exce\u00e7\u00e3o das crian\u00e7as de 11 a 13 anos e das pessoas com 70 anos ou mais. Zoar\u00e1 Failla, coordenadora da pesquisa, explica os fatores que contribu\u00edram para essa perda:\u00a0<\/p>\n<p>(Zoar\u00e1 Failla) &#8220;E foi identificado um aumento de mais de 30% de 2015 para c\u00e1, no uso do tempo livre na internet. (0:09) Por outro lado, uma queda na leitura de livros nesse momento de lazer.\u00a0 J\u00e1 era baixa, 24%, e caiu para 20%. Mas um dado que preocupa \u00e9 tamb\u00e9m, mais uma vez, na faixa et\u00e1ria de 5 a 10 anos, 43% das crian\u00e7as est\u00e3o usando esse tempo em videogames.&#8221;<\/p>\n<p>Os estados com os maiores \u00edndices de leitores s\u00e3o: Santa Catarina, com 64%, seguido por Paran\u00e1 e Cear\u00e1, ambos com 54%. A Regi\u00e3o Sul \u00e9 a \u00fanica onde a maioria da popula\u00e7\u00e3o ainda mant\u00e9m o h\u00e1bito da leitura. Em rela\u00e7\u00e3o aos locais preferidos para ler, a pesquisa revela que, embora 85% dos leitores leiam em casa, as escolas t\u00eam se tornado espa\u00e7os cada vez menos voltados para a leitura, com a participa\u00e7\u00e3o das salas de aula caindo para 19%. Zoar\u00e1 Failla comenta os impactos na educa\u00e7\u00e3o:\u00a0<\/p>\n<p>Pandemia, quando as crian\u00e7as ficaram sem aulas presenciais, tiveram aulas remotas, muitas tiveram dificuldades de acompanhar por n\u00e3o ter acesso \u00e0 internet e \u00e9 um momento muito importante para forma\u00e7\u00e3o leitora e as pr\u00e1ticas leitoras presenciais com o professor s\u00e3o fundamentais para corre\u00e7\u00e3o, para est\u00edmulo, para criar situa\u00e7\u00f5es mais mobilizadoras e a\u00ed tanto a alfabetiza\u00e7\u00e3o quanto o letramento, o letramento liter\u00e1rio.<\/p>\n<p>O Senado tem discutido alguns projetos de lei voltados para o incentivo \u00e0 leitura. Um desses projetos prop\u00f5e a cria\u00e7\u00e3o da Pol\u00edtica Nacional de Leitura e Escrita, cujo objetivo \u00e9 fortalecer as bibliotecas p\u00fablicas e valorizar o trabalho dos bibliotec\u00e1rios. Al\u00e9m disso, tem a proposta que cria a Pol\u00edtica Nacional do Livro, que fixa um pre\u00e7o \u00fanico pelo per\u00edodo de um ano a partir do lan\u00e7amento ou importa\u00e7\u00e3o de uma obra. Sob a supervis\u00e3o de Bruno Louren\u00e7o, da R\u00e1dio Senado, J\u00falia Lopes.\u00a0<\/p>\n","protected":false},"excerpt":{"rendered":"Diagn\u00f3stico A 6\u00aa edi\u00e7\u00e3o da pesquisa &#8220;Retratos da Leitura no Brasil&#8221;, do Instituto Pr\u00f3-Livro, revela uma queda significativa&hellip;\n","protected":false},"author":2,"featured_media":34443,"comment_status":"","ping_status":"","sticky":false,"template":"","format":"standard","meta":{"footnotes":""},"categories":[143],"tags":[169,114,115,170,32,33],"class_list":{"0":"post-34442","1":"post","2":"type-post","3":"status-publish","4":"format-standard","5":"has-post-thumbnail","7":"category-livros","8":"tag-books","9":"tag-entertainment","10":"tag-entretenimento","11":"tag-livros","12":"tag-portugal","13":"tag-pt"},"share_on_mastodon":{"url":"","error":""},"_links":{"self":[{"href":"https:\/\/www.europesays.com\/pt\/wp-json\/wp\/v2\/posts\/34442","targetHints":{"allow":["GET"]}}],"collection":[{"href":"https:\/\/www.europesays.com\/pt\/wp-json\/wp\/v2\/posts"}],"about":[{"href":"https:\/\/www.europesays.com\/pt\/wp-json\/wp\/v2\/types\/post"}],"author":[{"embeddable":true,"href":"https:\/\/www.europesays.com\/pt\/wp-json\/wp\/v2\/users\/2"}],"replies":[{"embeddable":true,"href":"https:\/\/www.europesays.com\/pt\/wp-json\/wp\/v2\/comments?post=34442"}],"version-history":[{"count":0,"href":"https:\/\/www.europesays.com\/pt\/wp-json\/wp\/v2\/posts\/34442\/revisions"}],"wp:featuredmedia":[{"embeddable":true,"href":"https:\/\/www.europesays.com\/pt\/wp-json\/wp\/v2\/media\/34443"}],"wp:attachment":[{"href":"https:\/\/www.europesays.com\/pt\/wp-json\/wp\/v2\/media?parent=34442"}],"wp:term":[{"taxonomy":"category","embeddable":true,"href":"https:\/\/www.europesays.com\/pt\/wp-json\/wp\/v2\/categories?post=34442"},{"taxonomy":"post_tag","embeddable":true,"href":"https:\/\/www.europesays.com\/pt\/wp-json\/wp\/v2\/tags?post=34442"}],"curies":[{"name":"wp","href":"https:\/\/api.w.org\/{rel}","templated":true}]}}