{"id":344470,"date":"2026-04-15T22:29:10","date_gmt":"2026-04-15T22:29:10","guid":{"rendered":"https:\/\/www.europesays.com\/pt\/344470\/"},"modified":"2026-04-15T22:29:10","modified_gmt":"2026-04-15T22:29:10","slug":"mdm-apresenta-queixa-contra-programa-da-tvi-que-abordou-violacao-de-menor-violencia-sexual","status":"publish","type":"post","link":"https:\/\/www.europesays.com\/pt\/344470\/","title":{"rendered":"MDM apresenta queixa contra programa da TVI que abordou viola\u00e7\u00e3o de menor | Viol\u00eancia Sexual"},"content":{"rendered":"<p>O Movimento Democr\u00e1tico de Mulheres apresentou uma queixa \u00e0 Comiss\u00e3o para a Cidadania e a Igualdade de G\u00e9nero e \u00e0 Entidade Reguladora para a Comunica\u00e7\u00e3o Social (ERC) contra conte\u00fados emitidos num programa da TVI sobre a viola\u00e7\u00e3o de uma menor.<\/p>\n<p>Segundo uma nota do Movimento Democr\u00e1tico de Mulheres (MDM), em causa est\u00e3o conte\u00fados difundidos nesta quarta-feira, 15 de Abril, no programa Dois \u00e0s 10, de Cristina Ferreira e Cl\u00e1udio Ramos, e a forma como foi abordado o caso da <a href=\"https:\/\/www.publico.pt\/2026\/04\/13\/sociedade\/noticia\/influenciadores-comecam-julgamento-violacao-agravada-menor-partilha-videos-redes-sociais-2170868\" target=\"_blank\" rel=\"nofollow noopener\">viola\u00e7\u00e3o de uma menor<\/a>.<\/p>\n<p>Para o MDM, foram &#8220;proferidas afirma\u00e7\u00f5es que introduzem ambiguidades inaceit\u00e1veis sobre o conceito de consentimento, designadamente ao sugerir que, em contexto de &#8216;adrenalina&#8217;, uma recusa expressa poderia n\u00e3o ser entendida como um limite inequ\u00edvoco (&#8230;), chegando a ser dito que &#8216;a meio \u00e9 quase imposs\u00edvel parar'&#8221;.<\/p>\n<p>Para o MDM, estas palavras da apresentadora <a href=\"https:\/\/www.publico.pt\/2024\/11\/19\/impar\/noticia\/tribunal-judicial-lisboa-oeste-executa-bens-empresa-cristina-ferreira-2112415\" target=\"_blank\" rel=\"nofollow noopener\">Cristina Ferreira<\/a> relativizam a centralidade jur\u00eddica e \u00e9tica do consentimento, introduzem ambiguidade em torno de uma recusa verbal expressa e favorecem discursos de culpabiliza\u00e7\u00e3o da v\u00edtima e de desresponsabiliza\u00e7\u00e3o do agressor. O MDM afirma que este tipo de constru\u00e7\u00e3o contribui para a banaliza\u00e7\u00e3o da viol\u00eancia sexual, para a revitimiza\u00e7\u00e3o e para a eros\u00e3o da consci\u00eancia p\u00fablica sobre o significado jur\u00eddico e humano do consentimento.<\/p>\n<p>&#8220;Acresce que tal abordagem ignora um elemento essencial: por detr\u00e1s de cada situa\u00e7\u00e3o existe uma pessoa concreta, marcada pelo medo, pela dor e por consequ\u00eancias que ultrapassam o momento da viol\u00eancia, sendo a qualidade de uma sociedade tamb\u00e9m aferida pela forma como protege, escuta e responde a quem foi v\u00edtima&#8221;, sublinha.<\/p>\n<p>O movimento vinca que num Estado de direito democr\u00e1tico n\u00e3o \u00e9 admiss\u00edvel que conte\u00fados televisivos de grande alcance social reproduzam ou amplifiquem mensagens que, directa ou indirectamente, enfraquecem a <a href=\"https:\/\/www.publico.pt\/2026\/04\/13\/sociedade\/noticia\/quinto-arguidos-violacao-menos-20-anos-idade-bemvindos-faroeste-digital-2170869\" target=\"_blank\" rel=\"nofollow noopener\">reprova\u00e7\u00e3o social da viola\u00e7\u00e3o<\/a> ou transferem para a v\u00edtima o \u00f3nus de dever ter sido &#8220;mais clara&#8221;, &#8220;mais prudente&#8221; ou &#8220;mais percept\u00edvel&#8221; no seu direito de recusa.<\/p>\n<p>Na queixa apresentada, o MDM lembra ainda que o Guia de Boas Pr\u00e1ticas dos \u00d3rg\u00e3os de Comunica\u00e7\u00e3o Social na Preven\u00e7\u00e3o e Combate \u00e0 Viol\u00eancia contra as Mulheres e Viol\u00eancia Dom\u00e9stica, promovido pela Comiss\u00e3o para a Cidadania e a Igualdade de G\u00e9nero (CIG), recomenda expressamente que os media evitem discursos que culpabilizam v\u00edtimas, desculpabilizam agressores ou banalizam a viol\u00eancia de g\u00e9nero.<\/p>\n<p>O MDM invoca tamb\u00e9m uma delibera\u00e7\u00e3o da ERC em que esta entidade reguladora reconhece que declara\u00e7\u00f5es que transferem responsabilidade para as v\u00edtimas de viol\u00eancia t\u00eam impacto negativo na forma como a sociedade apreende os crimes e contribuem para a revitimiza\u00e7\u00e3o.<\/p>\n","protected":false},"excerpt":{"rendered":"O Movimento Democr\u00e1tico de Mulheres apresentou uma queixa \u00e0 Comiss\u00e3o para a Cidadania e a Igualdade de G\u00e9nero&hellip;\n","protected":false},"author":2,"featured_media":344471,"comment_status":"","ping_status":"","sticky":false,"template":"","format":"standard","meta":{"footnotes":"","_share_on_mastodon":"0"},"categories":[85],"tags":[995,353,114,115,789,708,603,32,33,162,8102,3097,3482],"class_list":["post-344470","post","type-post","status-publish","format-standard","has-post-thumbnail","category-entretenimento","tag-abre-conteudo","tag-em-destaque","tag-entertainment","tag-entretenimento","tag-erc","tag-impar","tag-justica","tag-portugal","tag-pt","tag-tvi","tag-violacao","tag-violencia","tag-violencia-sexual"],"share_on_mastodon":{"url":"https:\/\/pubeurope.com\/@pt\/116411090090431491","error":""},"_links":{"self":[{"href":"https:\/\/www.europesays.com\/pt\/wp-json\/wp\/v2\/posts\/344470","targetHints":{"allow":["GET"]}}],"collection":[{"href":"https:\/\/www.europesays.com\/pt\/wp-json\/wp\/v2\/posts"}],"about":[{"href":"https:\/\/www.europesays.com\/pt\/wp-json\/wp\/v2\/types\/post"}],"author":[{"embeddable":true,"href":"https:\/\/www.europesays.com\/pt\/wp-json\/wp\/v2\/users\/2"}],"replies":[{"embeddable":true,"href":"https:\/\/www.europesays.com\/pt\/wp-json\/wp\/v2\/comments?post=344470"}],"version-history":[{"count":0,"href":"https:\/\/www.europesays.com\/pt\/wp-json\/wp\/v2\/posts\/344470\/revisions"}],"wp:featuredmedia":[{"embeddable":true,"href":"https:\/\/www.europesays.com\/pt\/wp-json\/wp\/v2\/media\/344471"}],"wp:attachment":[{"href":"https:\/\/www.europesays.com\/pt\/wp-json\/wp\/v2\/media?parent=344470"}],"wp:term":[{"taxonomy":"category","embeddable":true,"href":"https:\/\/www.europesays.com\/pt\/wp-json\/wp\/v2\/categories?post=344470"},{"taxonomy":"post_tag","embeddable":true,"href":"https:\/\/www.europesays.com\/pt\/wp-json\/wp\/v2\/tags?post=344470"}],"curies":[{"name":"wp","href":"https:\/\/api.w.org\/{rel}","templated":true}]}}