{"id":34449,"date":"2025-08-18T14:52:11","date_gmt":"2025-08-18T14:52:11","guid":{"rendered":"https:\/\/www.europesays.com\/pt\/34449\/"},"modified":"2025-08-18T14:52:11","modified_gmt":"2025-08-18T14:52:11","slug":"jesus-recebe-coman-no-al-nassr-my-player-nao-falo-muito-bem-ingles","status":"publish","type":"post","link":"https:\/\/www.europesays.com\/pt\/34449\/","title":{"rendered":"Jesus recebe Coman no Al Nassr: \u00abMy player! (&#8230;) N\u00e3o falo muito bem ingl\u00eas\u00bb"},"content":{"rendered":"<p>Jorge Jesus deu as boas-vindas as Kingsley Coman, o mais recente refor\u00e7o do Al Nassr.<\/p>\n<p>O treinador da equipa saudita saudita recebeu o extremo franc\u00eas no seu ingl\u00eas caracter\u00edstico. \u00abMy player! Welcome!\u00bb, introduziu, avisando logo que n\u00e3o fala muito bem ingl\u00eas.<\/p>\n<p>\u00abFalas ingl\u00eas?\u00bb<\/p>\n<p>\u00abIngl\u00eas, alem\u00e3o&#8230;\u00bb<\/p>\n<p>\u00abPortugu\u00eas?\u00bb, questionou Jesus.<\/p>\n<p>\u00abN\u00e3\u00e3\u00e3\u00f5.\u00bb<\/p>\n<p>\u00abEspanhol?\u00bb<\/p>\n<p>\u00abEntiendo\u00bb, respondeu Coman perante o agrado do t\u00e9cnico portugu\u00eas, que se despediu do internacional franc\u00eas com uma carinhosa toque na face.<\/p>\n","protected":false},"excerpt":{"rendered":"Jorge Jesus deu as boas-vindas as Kingsley Coman, o mais recente refor\u00e7o do Al Nassr. O treinador da&hellip;\n","protected":false},"author":2,"featured_media":34450,"comment_status":"","ping_status":"","sticky":false,"template":"","format":"standard","meta":{"footnotes":""},"categories":[87],"tags":[10897,135,4238,1147,7963,436,46,32,33,47,134],"class_list":{"0":"post-34449","1":"post","2":"type-post","3":"status-publish","4":"format-standard","5":"has-post-thumbnail","7":"category-desporto","8":"tag-coman","9":"tag-desporto","10":"tag-incrivel","11":"tag-jorge-jesus","12":"tag-kingsley-coman","13":"tag-made-in","14":"tag-maisfutebol","15":"tag-portugal","16":"tag-pt","17":"tag-pura-paixao","18":"tag-sports"},"share_on_mastodon":{"url":"","error":""},"_links":{"self":[{"href":"https:\/\/www.europesays.com\/pt\/wp-json\/wp\/v2\/posts\/34449","targetHints":{"allow":["GET"]}}],"collection":[{"href":"https:\/\/www.europesays.com\/pt\/wp-json\/wp\/v2\/posts"}],"about":[{"href":"https:\/\/www.europesays.com\/pt\/wp-json\/wp\/v2\/types\/post"}],"author":[{"embeddable":true,"href":"https:\/\/www.europesays.com\/pt\/wp-json\/wp\/v2\/users\/2"}],"replies":[{"embeddable":true,"href":"https:\/\/www.europesays.com\/pt\/wp-json\/wp\/v2\/comments?post=34449"}],"version-history":[{"count":0,"href":"https:\/\/www.europesays.com\/pt\/wp-json\/wp\/v2\/posts\/34449\/revisions"}],"wp:featuredmedia":[{"embeddable":true,"href":"https:\/\/www.europesays.com\/pt\/wp-json\/wp\/v2\/media\/34450"}],"wp:attachment":[{"href":"https:\/\/www.europesays.com\/pt\/wp-json\/wp\/v2\/media?parent=34449"}],"wp:term":[{"taxonomy":"category","embeddable":true,"href":"https:\/\/www.europesays.com\/pt\/wp-json\/wp\/v2\/categories?post=34449"},{"taxonomy":"post_tag","embeddable":true,"href":"https:\/\/www.europesays.com\/pt\/wp-json\/wp\/v2\/tags?post=34449"}],"curies":[{"name":"wp","href":"https:\/\/api.w.org\/{rel}","templated":true}]}}