{"id":34461,"date":"2025-08-18T15:00:27","date_gmt":"2025-08-18T15:00:27","guid":{"rendered":"https:\/\/www.europesays.com\/pt\/34461\/"},"modified":"2025-08-18T15:00:27","modified_gmt":"2025-08-18T15:00:27","slug":"william-e-kate-estao-de-mudanca-para-uma-nova-mansao-em-windsor-familia-real-britanica","status":"publish","type":"post","link":"https:\/\/www.europesays.com\/pt\/34461\/","title":{"rendered":"William e Kate est\u00e3o de mudan\u00e7a para uma nova mans\u00e3o em Windsor | Fam\u00edlia Real Brit\u00e2nica"},"content":{"rendered":"<p>\u00c9 tempo de mudan\u00e7a para os pr\u00edncipes de Gales. William e Kate, junto com os tr\u00eas filhos, v\u00e3o mudar de casa no final deste ano para uma nova mans\u00e3o em Windsor, deixando para tr\u00e1s a Adelaide Cottage, confirmou o Pal\u00e1cio de Kensington. Os tabl\u00f3ides brit\u00e2nicos avan\u00e7am que a mudan\u00e7a para a Forest Lodge obrigou \u00e0 sa\u00edda dos vizinhos, que arrendavam as casas \u00e0 coroa, em prol da privacidade da fam\u00edlia.<\/p>\n<p>J\u00e1 come\u00e7aram os preparativos para a mudan\u00e7a de Adelaide Cottage, para onde os pr\u00edncipes de Gales e os filhos \u2014 George, Charlotte e Louis \u2014 foram viver<a href=\"https:\/\/www.publico.pt\/2022\/08\/23\/impar\/noticia\/principe-william-kate-vao-vizinhos-rainha-windsor-2017992\" rel=\"nofollow noopener\" target=\"_blank\"> em 2022<\/a>, pouco antes da <a href=\"https:\/\/www.publico.pt\/2022\/09\/08\/mundo\/noticia\/morreu-rainha-isabel-ii-2019839\" rel=\"nofollow noopener\" target=\"_blank\">morte de Isabel II<\/a>, que tinha uma predilec\u00e7\u00e3o por Windsor. O herdeiro do torno e a fam\u00edlia decidiram mudar-se pela proximidade \u00e0 escola de Lambrook, frequentada pelos tr\u00eas pr\u00edncipes.<\/p>\n<p>No in\u00edcio de Ver\u00e3o, foram esvaziadas duas casas (que eram antigos est\u00e1bulos reconvertidos) perto da mans\u00e3o no grande parque de Windsor, ainda que os arrendat\u00e1rios tenham sido realojados noutras propriedades da fam\u00edlia real.<\/p>\n<p>Entretanto, na Forest Lodge, os preparativos para a mudan\u00e7a incluem um refor\u00e7o da privacidade com arbustos e c\u00e2maras de videovigil\u00e2ncia, informa o <a href=\"https:\/\/www.dailymail.co.uk\/news\/royals\/article-15007329\/william-kate-forever-home-families-leave-cottages.html\" target=\"_blank\" rel=\"nofollow noopener\">Daily Mail.<\/a> A mans\u00e3o, com oito quartos, tamb\u00e9m est\u00e1 a ser alvo de pequenas obras de renova\u00e7\u00e3o, pagas pelos pr\u00f3prios pr\u00edncipes de Gales, cujos rendimentos v\u00eam do trabalho na fam\u00edlia real, mas tamb\u00e9m das propriedades do Ducado de Cornwall no sul do pa\u00eds \u2014 estima-se que s\u00f3 da\u00ed William receba mais de 20 milh\u00f5es de libras por ano (perto de 23 milh\u00f5es de euros).<\/p>\n<p>        &#13;<\/p>\n<blockquote class=\"twitter-tweet\">\n<p lang=\"en\" dir=\"ltr\">Forest Lodge, Windsor Great Park, new rented home of the Prince and Princess of Wales, moving from 4-bedroom Adelaide Cottage before Christmas, after renovations of 8-bedroom Forest Lodge owned by Crown Estate. Grade II built early C19, expanded early C20.<a href=\"https:\/\/t.co\/gfrcXOgfnb\" rel=\"nofollow\">https:\/\/t.co\/gfrcXOgfnb<\/a> <a href=\"https:\/\/t.co\/eUomIvka1B\" rel=\"nofollow\">pic.twitter.com\/eUomIvka1B<\/a><\/p>\n<p>\u2014 Stately Home News (@StatelyHomeNews) <a href=\"https:\/\/twitter.com\/StatelyHomeNews\/status\/1957018526897832042?ref_src=twsrc%5Etfw\" rel=\"nofollow noopener\" target=\"_blank\">August 17, 2025<\/a><\/p><\/blockquote>\n<p> &#13;<\/p>\n<p>Mais: o filho de Carlos III ter\u00e1 de pagar uma renda equivalente ao valor de mercado. A casa tinha sido renovada em 2001, com um investimento de 1,5 milh\u00f5es de libras (1,7 milh\u00f5es de euros) e colocada no mercado de arrendamento por 15 mil libras ao m\u00eas (mais de 17 mil euros), recorda a <a href=\"https:\/\/www.bbc.com\/news\/articles\/cpwyk1v0p8yo\" target=\"_blank\" rel=\"nofollow noopener\">BBC<\/a>.<\/p>\n<p>\u201cWindsor tornou-se a sua casa. No entanto, nos \u00faltimos anos, enquanto viveram em Adelaide Cottage, passaram por momentos muito dif\u00edceis\u201d, confirmou uma fonte real \u00e0 emissora brit\u00e2nica, lembrando n\u00e3o s\u00f3 a morte da rainha, como o <a href=\"https:\/\/www.publico.pt\/2024\/03\/22\/impar\/noticia\/kate-middleton-anuncia-cancro-2084601\" rel=\"nofollow noopener\" target=\"_blank\">diagn\u00f3stico de cancro de Kate<\/a>, no in\u00edcio de 2024. E acrescenta: \u201cA mudan\u00e7a d\u00e1-lhes a oportunidade de um novo come\u00e7o e de um novo cap\u00edtulo. \u00c9 uma oportunidade para deixar para tr\u00e1s algumas das mem\u00f3rias mais infelizes.\u201d<\/p>\n<p>O objectivo \u00e9 que esta seja a casa para o futuro da fam\u00edlia dos pr\u00edncipes de Gales, mesmo quando William se tornar rei \u2014 Carlos tamb\u00e9m continua a viver em Clarence House, em Londres, ainda que a sua resid\u00eancia oficial seja o Pal\u00e1cio de Buckingham. Tal como acontecia em Adelaide Cottage, a BBC diz que n\u00e3o haver\u00e1 uma equipa de funcion\u00e1rios permanente a viver com os cinco pr\u00edncipes, de forma a manter a privacidade da fam\u00edlia.<\/p>\n<p>William e Kate tamb\u00e9m t\u00eam outras casas: o Pal\u00e1cio de Kensington, em Londres, que mant\u00eam enquanto local de trabalho e onde viveram desde o casamento, em 2011, at\u00e9 2022; e Anmer Hall, em Norfolk, casa na qual passam quase todos os per\u00edodos de f\u00e9rias escolares.<\/p>\n<p>            <script async src=\"https:\/\/platform.twitter.com\/widgets.js\" charset=\"utf-8\"><\/script><\/p>\n","protected":false},"excerpt":{"rendered":"\u00c9 tempo de mudan\u00e7a para os pr\u00edncipes de Gales. William e Kate, junto com os tr\u00eas filhos, v\u00e3o&hellip;\n","protected":false},"author":2,"featured_media":34462,"comment_status":"","ping_status":"","sticky":false,"template":"","format":"standard","meta":{"footnotes":""},"categories":[145],"tags":[211,210,114,115,709,708,665,4257,714,542,712,32,33,713],"class_list":{"0":"post-34461","1":"post","2":"type-post","3":"status-publish","4":"format-standard","5":"has-post-thumbnail","7":"category-celebridades","8":"tag-celebridades","9":"tag-celebrities","10":"tag-entertainment","11":"tag-entretenimento","12":"tag-familia-real-britanica","13":"tag-impar","14":"tag-inglaterra","15":"tag-kate-middleton","16":"tag-monarquia","17":"tag-para-redes","18":"tag-pessoas","19":"tag-portugal","20":"tag-pt","21":"tag-reino-unido"},"share_on_mastodon":{"url":"","error":""},"_links":{"self":[{"href":"https:\/\/www.europesays.com\/pt\/wp-json\/wp\/v2\/posts\/34461","targetHints":{"allow":["GET"]}}],"collection":[{"href":"https:\/\/www.europesays.com\/pt\/wp-json\/wp\/v2\/posts"}],"about":[{"href":"https:\/\/www.europesays.com\/pt\/wp-json\/wp\/v2\/types\/post"}],"author":[{"embeddable":true,"href":"https:\/\/www.europesays.com\/pt\/wp-json\/wp\/v2\/users\/2"}],"replies":[{"embeddable":true,"href":"https:\/\/www.europesays.com\/pt\/wp-json\/wp\/v2\/comments?post=34461"}],"version-history":[{"count":0,"href":"https:\/\/www.europesays.com\/pt\/wp-json\/wp\/v2\/posts\/34461\/revisions"}],"wp:featuredmedia":[{"embeddable":true,"href":"https:\/\/www.europesays.com\/pt\/wp-json\/wp\/v2\/media\/34462"}],"wp:attachment":[{"href":"https:\/\/www.europesays.com\/pt\/wp-json\/wp\/v2\/media?parent=34461"}],"wp:term":[{"taxonomy":"category","embeddable":true,"href":"https:\/\/www.europesays.com\/pt\/wp-json\/wp\/v2\/categories?post=34461"},{"taxonomy":"post_tag","embeddable":true,"href":"https:\/\/www.europesays.com\/pt\/wp-json\/wp\/v2\/tags?post=34461"}],"curies":[{"name":"wp","href":"https:\/\/api.w.org\/{rel}","templated":true}]}}