{"id":34481,"date":"2025-08-18T15:11:08","date_gmt":"2025-08-18T15:11:08","guid":{"rendered":"https:\/\/www.europesays.com\/pt\/34481\/"},"modified":"2025-08-18T15:11:08","modified_gmt":"2025-08-18T15:11:08","slug":"filho-da-princesa-da-noruega-acusado-de-quatro-violacoes","status":"publish","type":"post","link":"https:\/\/www.europesays.com\/pt\/34481\/","title":{"rendered":"Filho da princesa da Noruega acusado de quatro viola\u00e7\u00f5es"},"content":{"rendered":"<p>Marius Borg Hoiby, que nasceu de um relacionamento que a m\u00e3e, a princesa Mette-Marit, manteve antes de se casar com o pr\u00edncipe Haakon, est\u00e1 sob investiga\u00e7\u00e3o desde que foi preso o a 4 de agosto do ano passado, por suspeita de agredir uma namorada.<\/p>\n<p data-remotead-prev-elm=\"true\" data-remotead-elm-id=\"inread\">Al\u00e9m de quatro acusa\u00e7\u00f5es de viola\u00e7\u00e3o, o processo inclui viol\u00eancia dom\u00e9stica contra uma ex-parceira e v\u00e1rias acusa\u00e7\u00f5es de viol\u00eancia, perturba\u00e7\u00e3o da ordem p\u00fablica, vandalismo e viola\u00e7\u00e3o de ordens de restri\u00e7\u00e3o contra outra ex-parceira. \u00c9 tamb\u00e9m \u00e9 acusado de filmar os \u00f3rg\u00e3os genitais de v\u00e1rias mulheres sem o seu conhecimento ou consentimento, disse o procurador Sturla Henriksbo aos rep\u00f3rteres. &#8220;A pena m\u00e1xima para os crimes listados na acusa\u00e7\u00e3o \u00e9 de pris\u00e3o at\u00e9 10 anos&#8221;,  explicou.<\/p>\n<p>&#8220;Estes s\u00e3o atos muito graves que podem deixar cicatrizes duradouras e destruir vidas. O facto de Marius Borg Hoiby ser membro da fam\u00edlia real n\u00e3o deve, obviamente, significar que ele deva ser tratado com mais leveza ou mais severidade do que se atos semelhantes tivessem sido cometidos por outras pessoas&#8221;, salientou Henriksbo.<\/p>\n<p data-remotead-prev-elm=\"true\" data-remotead-elm-id=\"centro1\">As quatro viola\u00e7\u00f5es pelas quais Hoiby \u00e9 acusado ter\u00e3o ocorrido em 2018, 2023 e 2024, a \u00faltima delas ap\u00f3s o in\u00edcio da investiga\u00e7\u00e3o policial. Hoiby j\u00e1 admitiu agress\u00e3o e vandalismo no incidente de agosto de 2024 pelo qual foi preso.<\/p>\n<p>Numa declara\u00e7\u00e3o p\u00fablica, 10 dias ap\u00f3s a sua pris\u00e3o, Marius disse que agiu &#8220;sob a influ\u00eancia de \u00e1lcool e coca\u00edna ap\u00f3s uma discuss\u00e3o&#8221;\u00bb, tendo sofrido de &#8220;problemas mentais&#8221; e lutado &#8220;por muito tempo contra o consumo de subst\u00e2ncias&#8221;.<\/p>\n<p data-remotead-prev-elm=\"true\" data-remotead-elm-id=\"centro2\">Hoiby foi lan\u00e7ado para a ribalta aos quatro anos de idade, quando a sua m\u00e3e se casou com o pr\u00edncipe herdeiro da Noruega, com quem teve mais dois filhos.<br \/>Foi criado pelo casal real ao lado dos seus meio-irm\u00e3os, a princesa Ingrid Alexandra e o pr\u00edncipe Sverre Magnus, de 21 e 19 anos.<\/p>\n<p>Ao contr\u00e1rio deles, por\u00e9m, n\u00e3o tem qualquer fun\u00e7\u00e3o p\u00fablica oficial.<\/p>\n","protected":false},"excerpt":{"rendered":"Marius Borg Hoiby, que nasceu de um relacionamento que a m\u00e3e, a princesa Mette-Marit, manteve antes de se&hellip;\n","protected":false},"author":2,"featured_media":34482,"comment_status":"","ping_status":"","sticky":false,"template":"","format":"standard","meta":{"footnotes":""},"categories":[50],"tags":[27,28,15,16,14,25,26,21,22,62,12,13,19,20,23,24,17,18,29,30,31,63,64,65],"class_list":{"0":"post-34481","1":"post","2":"type-post","3":"status-publish","4":"format-standard","5":"has-post-thumbnail","7":"category-mundo","8":"tag-breaking-news","9":"tag-breakingnews","10":"tag-featured-news","11":"tag-featurednews","12":"tag-headlines","13":"tag-latest-news","14":"tag-latestnews","15":"tag-main-news","16":"tag-mainnews","17":"tag-mundo","18":"tag-news","19":"tag-noticias","20":"tag-noticias-principais","21":"tag-noticiasprincipais","22":"tag-principais-noticias","23":"tag-principaisnoticias","24":"tag-top-stories","25":"tag-topstories","26":"tag-ultimas","27":"tag-ultimas-noticias","28":"tag-ultimasnoticias","29":"tag-world","30":"tag-world-news","31":"tag-worldnews"},"share_on_mastodon":{"url":"","error":""},"_links":{"self":[{"href":"https:\/\/www.europesays.com\/pt\/wp-json\/wp\/v2\/posts\/34481","targetHints":{"allow":["GET"]}}],"collection":[{"href":"https:\/\/www.europesays.com\/pt\/wp-json\/wp\/v2\/posts"}],"about":[{"href":"https:\/\/www.europesays.com\/pt\/wp-json\/wp\/v2\/types\/post"}],"author":[{"embeddable":true,"href":"https:\/\/www.europesays.com\/pt\/wp-json\/wp\/v2\/users\/2"}],"replies":[{"embeddable":true,"href":"https:\/\/www.europesays.com\/pt\/wp-json\/wp\/v2\/comments?post=34481"}],"version-history":[{"count":0,"href":"https:\/\/www.europesays.com\/pt\/wp-json\/wp\/v2\/posts\/34481\/revisions"}],"wp:featuredmedia":[{"embeddable":true,"href":"https:\/\/www.europesays.com\/pt\/wp-json\/wp\/v2\/media\/34482"}],"wp:attachment":[{"href":"https:\/\/www.europesays.com\/pt\/wp-json\/wp\/v2\/media?parent=34481"}],"wp:term":[{"taxonomy":"category","embeddable":true,"href":"https:\/\/www.europesays.com\/pt\/wp-json\/wp\/v2\/categories?post=34481"},{"taxonomy":"post_tag","embeddable":true,"href":"https:\/\/www.europesays.com\/pt\/wp-json\/wp\/v2\/tags?post=34481"}],"curies":[{"name":"wp","href":"https:\/\/api.w.org\/{rel}","templated":true}]}}