{"id":34507,"date":"2025-08-18T15:25:13","date_gmt":"2025-08-18T15:25:13","guid":{"rendered":"https:\/\/www.europesays.com\/pt\/34507\/"},"modified":"2025-08-18T15:25:13","modified_gmt":"2025-08-18T15:25:13","slug":"radiacao-em-hiroshima-e-nagasaki-matou-menos-pessoas-do-que-se-pensava","status":"publish","type":"post","link":"https:\/\/www.europesays.com\/pt\/34507\/","title":{"rendered":"Radia\u00e7\u00e3o em Hiroshima e Nagasaki matou menos pessoas do que se pensava"},"content":{"rendered":"<p>Pela radia\u00e7\u00e3o que libertaram e at\u00e9 pelos testemunhos que se v\u00e3o conhecendo, assume-se que os ataques at\u00f3micos a Hiroshima e Nagasaki, no Jap\u00e3o, resultaram em muitos casos de cancro. Um novo estudo, no entanto, contraria esta ideia.<\/p>\n<p><a target=\"_blank\" href=\"https:\/\/pplware.sapo.pt\/wp-content\/uploads\/2023\/08\/bomba_atomica00.jpg\" onclick=\"refreshIframe()\" class=\"foobox\" rel=\"nofollow noopener\"><img fetchpriority=\"high\" decoding=\"async\" src=\"https:\/\/www.europesays.com\/pt\/wp-content\/uploads\/2025\/08\/bomba_atomica00-720x404.jpg\" alt=\"Bomba at\u00f3mica\" width=\"720\" height=\"404\" class=\"aligncenter size-medium wp-image-943322\"  \/><\/a>\n<\/p>\n<p>Os n\u00fameros n\u00e3o s\u00e3o claros, mas estima-se que tenham morrido cerca de 140.000 pessoas em Hiroshima e 74.000 em Nagasaki at\u00e9 ao final de 1945, por consequ\u00eancia dos efeitos dos ataques at\u00f3micos, do calor e do envenenamento agudo por <a target=\"_blank\" href=\"https:\/\/pplware.sapo.pt\/tag\/radiacao\/\" rel=\"nofollow noopener\">radia\u00e7\u00e3o<\/a>.<\/p>\n<p>Uma vez que a exposi\u00e7\u00e3o a altos n\u00edveis de radia\u00e7\u00e3o aumenta o risco de cancro, muito se diz sobre os cancros que afetaram, posteriormente, os sobreviventes.<\/p>\n<p>Contudo, Philip Thomas, professor de gest\u00e3o de risco na Universidade de Bristol, explicou que a estimativa do seu estudo aponta para que 3100 dos 324.000 sobreviventes dos bombardeamentos at\u00f3micos morreram ou morreriam de leucemia induzida por radia\u00e7\u00e3o ou tumores s\u00f3lidos.<\/p>\n<blockquote>\n<p>Esta investiga\u00e7\u00e3o mostra que a radia\u00e7\u00e3o, embora perigosa, \u00e9 uma causa mais fraca de cancro do que muitas pessoas pensam.<\/p>\n<\/blockquote>\n<p>Disse Thomas, cuja carreira anterior foi dedicada \u00e0 ind\u00fastria nuclear, citado pelo <a target=\"_blank\" href=\"https:\/\/www.ft.com\/content\/1b398769-2784-45f2-997c-03c4b923eb29\" rel=\"nofollow noopener\">Financial Times<\/a>.<\/p>\n<p>\u00a0<\/p>\n<p>Pessoas expostas \u00e0 radia\u00e7\u00e3o parecem n\u00e3o transmitir efeitos aos filhos<\/p>\n<p>O professor e investigador alargou a an\u00e1lise da Funda\u00e7\u00e3o de Pesquisa sobre os Efeitos da Radia\u00e7\u00e3o Jap\u00e3o-EUA, cujo <a target=\"_blank\" href=\"https:\/\/www.thelancet.com\/journals\/lancet\/article\/PIIS0140-6736(25)01446-1\/fulltext\" rel=\"nofollow noopener\">Estudo sobre a Expectativa de Vida<\/a> se concentrou numa amostra de 87.000 sobreviventes hibakusha (termo usado para referir as v\u00edtimas dos ataques das bombas at\u00f3mica, no Jap\u00e3o) desde 1950.<\/p>\n<p>Ao incluir dados adicionais sobre sa\u00fade e demografia, a <a target=\"_blank\" href=\"https:\/\/www.colbas.org\/rad.pdf\" rel=\"nofollow noopener\">sua an\u00e1lise<\/a> abrangeu um total estimado de 324.000 pessoas nas duas cidades que sobreviveram aos efeitos imediatos das bombas.<\/p>\n<p>O estudo utilizou uma variedade de t\u00e9cnicas matem\u00e1ticas e estat\u00edsticas para extrapolar a mortalidade por cancro desde o final da d\u00e9cada de 1940 at\u00e9 2055, quando o sobrevivente mais jovem poss\u00edvel teria 110 anos.<\/p>\n<p><a target=\"_blank\" href=\"https:\/\/pplware.sapo.pt\/wp-content\/uploads\/2016\/07\/celulas_cancro.jpg\" onclick=\"refreshIframe()\" class=\"foobox\" rel=\"nofollow noopener\"><img loading=\"lazy\" decoding=\"async\" src=\"https:\/\/www.europesays.com\/pt\/wp-content\/uploads\/2025\/08\/celulas_cancro-720x448.jpg\" alt=\"\" width=\"720\" height=\"448\" class=\"aligncenter size-medium wp-image-398772\"  \/><\/a><\/p>\n<p>Teoricamente, o risco de leucemia induzida por radia\u00e7\u00e3o come\u00e7a a aumentar dois ou tr\u00eas anos ap\u00f3s a exposi\u00e7\u00e3o e atinge o pico ap\u00f3s cerca de 10 anos. Por sua vez, alguns tumores s\u00f3lidos podem levar mais de 50 anos para se desenvolver.<\/p>\n<blockquote>\n<p>Mesmo os sobreviventes que receberam doses massivas de radia\u00e7\u00e3o viveram vidas notavelmente longas.<\/p>\n<\/blockquote>\n<p>Esclareceu Thomas, acrescentando que mesmo aqueles que absorveram 2,25 gray &#8211; mais de tr\u00eas vezes o n\u00edvel que causa doen\u00e7a por radia\u00e7\u00e3o &#8211; morreram com uma idade m\u00e9dia de mais de 78 anos.<\/p>\n<p>Para Amy Berrington, professora de epidemiologia do cancro no Instituto de Investiga\u00e7\u00e3o do Cancro de Londres, &#8220;os receios sobre os riscos da radia\u00e7\u00e3o ionizante podem ser ampliados por alguns e minimizados por outros&#8221;. Afinal, trata-se de &#8220;uma quest\u00e3o muito complexa&#8221;.<\/p>\n<p>Contudo, conforme explicou, &#8220;as conclus\u00f5es gerais de Thomas s\u00e3o amplamente consistentes com investiga\u00e7\u00f5es anteriores sobre os riscos de cancro nos sobreviventes de Hiroshima e Nagasaki&#8221;.<\/p>\n<p>Apesar da consist\u00eancia, &#8220;temos de ter muito cuidado ao extrapolar as conclus\u00f5es para outros contextos de exposi\u00e7\u00e3o sem mais informa\u00e7\u00f5es sobre as diferentes doses a que a popula\u00e7\u00e3o foi exposta&#8221;.<\/p>\n<p>A professora destacou ainda outra conclus\u00e3o curiosa do estudo: at\u00e9 agora, n\u00e3o h\u00e1 evid\u00eancias claras de que as pessoas expostas \u00e0 radia\u00e7\u00e3o transmitam quaisquer efeitos adversos aos seus filhos.<\/p>\n<p>\u00a0<\/p>\n<p><strong>Leia tamb\u00e9m:<\/strong><\/p>\n","protected":false},"excerpt":{"rendered":"Pela radia\u00e7\u00e3o que libertaram e at\u00e9 pelos testemunhos que se v\u00e3o conhecendo, assume-se que os ataques at\u00f3micos a&hellip;\n","protected":false},"author":2,"featured_media":34508,"comment_status":"","ping_status":"","sticky":false,"template":"","format":"standard","meta":{"footnotes":""},"categories":[50],"tags":[8144,27,28,1207,15,16,14,6808,25,26,21,22,62,8143,12,13,19,20,23,24,10901,17,18,29,30,31,63,64,65],"class_list":{"0":"post-34507","1":"post","2":"type-post","3":"status-publish","4":"format-standard","5":"has-post-thumbnail","7":"category-mundo","8":"tag-bomba-atomica","9":"tag-breaking-news","10":"tag-breakingnews","11":"tag-cancro","12":"tag-featured-news","13":"tag-featurednews","14":"tag-headlines","15":"tag-hiroshima","16":"tag-latest-news","17":"tag-latestnews","18":"tag-main-news","19":"tag-mainnews","20":"tag-mundo","21":"tag-nagasaki","22":"tag-news","23":"tag-noticias","24":"tag-noticias-principais","25":"tag-noticiasprincipais","26":"tag-principais-noticias","27":"tag-principaisnoticias","28":"tag-radiacao","29":"tag-top-stories","30":"tag-topstories","31":"tag-ultimas","32":"tag-ultimas-noticias","33":"tag-ultimasnoticias","34":"tag-world","35":"tag-world-news","36":"tag-worldnews"},"share_on_mastodon":{"url":"","error":""},"_links":{"self":[{"href":"https:\/\/www.europesays.com\/pt\/wp-json\/wp\/v2\/posts\/34507","targetHints":{"allow":["GET"]}}],"collection":[{"href":"https:\/\/www.europesays.com\/pt\/wp-json\/wp\/v2\/posts"}],"about":[{"href":"https:\/\/www.europesays.com\/pt\/wp-json\/wp\/v2\/types\/post"}],"author":[{"embeddable":true,"href":"https:\/\/www.europesays.com\/pt\/wp-json\/wp\/v2\/users\/2"}],"replies":[{"embeddable":true,"href":"https:\/\/www.europesays.com\/pt\/wp-json\/wp\/v2\/comments?post=34507"}],"version-history":[{"count":0,"href":"https:\/\/www.europesays.com\/pt\/wp-json\/wp\/v2\/posts\/34507\/revisions"}],"wp:featuredmedia":[{"embeddable":true,"href":"https:\/\/www.europesays.com\/pt\/wp-json\/wp\/v2\/media\/34508"}],"wp:attachment":[{"href":"https:\/\/www.europesays.com\/pt\/wp-json\/wp\/v2\/media?parent=34507"}],"wp:term":[{"taxonomy":"category","embeddable":true,"href":"https:\/\/www.europesays.com\/pt\/wp-json\/wp\/v2\/categories?post=34507"},{"taxonomy":"post_tag","embeddable":true,"href":"https:\/\/www.europesays.com\/pt\/wp-json\/wp\/v2\/tags?post=34507"}],"curies":[{"name":"wp","href":"https:\/\/api.w.org\/{rel}","templated":true}]}}