{"id":34509,"date":"2025-08-18T15:26:07","date_gmt":"2025-08-18T15:26:07","guid":{"rendered":"https:\/\/www.europesays.com\/pt\/34509\/"},"modified":"2025-08-18T15:26:07","modified_gmt":"2025-08-18T15:26:07","slug":"candidata-do-chega-a-setubal-desiste-depois-de-ser-acusada-de-receber-dinheiro-de-empresario","status":"publish","type":"post","link":"https:\/\/www.europesays.com\/pt\/34509\/","title":{"rendered":"Candidata do Chega a Set\u00fabal desiste depois de ser acusada de receber dinheiro de empres\u00e1rio"},"content":{"rendered":"<p>Lina Lopes, antiga deputada do PSD que se desfiliou do partido para ser candidata \u00e0 C\u00e2mara de Set\u00fabal com apoio do Chega, retirou a candidatura e anunciou-o esta segunda-feira no Facebook: &#8220;Face \u00e0 campanha difamat\u00f3ria e \u00e0s tentativas de chantagem de que tenho sido alvo nos \u00faltimos dias, tomei a decis\u00e3o de retirar a minha candidatura \u00e0 C\u00e2mara Municipal de Set\u00fabal&#8221;.<\/p>\n<p data-remotead-prev-elm=\"true\" data-remotead-elm-id=\"inread\">A ex-candidata rejeita &#8220;categoricamente&#8221; as &#8220;falsas acusa\u00e7\u00f5es&#8221; que lhe s\u00e3o dirigidas, mas alega a necessidade de se poder defender &#8220;com total liberdade e serenidade, sem permitir que ataques pessoais continuem a ser instrumentalizados para atingir o partido&#8221; que a apoia, o Chega.<\/p>\n<p data-remotead-prev-elm=\"true\" data-remotead-elm-id=\"centro1\">No mesmo sentido, considera que s\u00e3o criminosas as acusa\u00e7\u00f5es que lhe est\u00e3o a fazer: &#8220;Vou dedicar todas as minhas energias \u00e0 defesa do meu bom nome e honra pessoal, confiando que a Justi\u00e7a apurar\u00e1 rapidamente os factos e punir\u00e1 quem, de forma criminosa, tenta destruir pessoas e descredibilizar institui\u00e7\u00f5es democr\u00e1ticas&#8221;.<\/p>\n<p>Lina Lopes trabalha no gabinete do vice-presidente da Assembleia da Rep\u00fablica Diogo Pacheco de Amorim, eleito pelo Chega. Este cargo levou a que os Trabalhadores Social-Democratas lhe retirassem a confian\u00e7a pol\u00edtica em abril do ano passado.<\/p>\n<p>Acusa\u00e7\u00f5es nas redes sociais<\/p>\n<p data-remotead-prev-elm=\"true\" data-remotead-elm-id=\"centro2\">A desist\u00eancia da candidatura de Lina Lopes acontece um dia depois de terem sido divulgadas, nas redes sociais, mensagens enviadas \u00e0 ex-deputada, alegadamente provenientes de um empres\u00e1rio de Set\u00fabal. As publica\u00e7\u00f5es divulgadas nos grupos de Set\u00fabal, \u00e0s quais o JN teve acesso, apelidam Lina Lopes de &#8220;corrupta&#8221; e mostram mensagens de uma suposta conversa de Lina Lopes com um empres\u00e1rio local.<\/p>\n<p>Nas mensagens, o empres\u00e1rio alega estar desiludido por Lina Lopes lhe ter chamado traficante de droga e, por isso, faz um ultimato \u00e0 ex-deputada onde exige os 20 mil euros que alegadamente lhe emprestou, mais os 38 400 euros de um carro. Na publica\u00e7\u00e3o, v\u00ea-se uma alegada resposta de Lina Lopes atentar combinar um encontro para resolver a situa\u00e7\u00e3o, afirmando que &#8220;h\u00e1 uma semana&#8221; que apenas trata de listas e n\u00e3o fala com ningu\u00e9m.<\/p>\n<p data-remotead-prev-elm=\"true\" data-remotead-elm-id=\"centro3\">A desist\u00eancia acontece no dia em que as listas a Set\u00fabal iam ser entregues no tribunal, dado que esta segunda-feira \u00e0s 18 horas termina o prazo limite. A escolha do partido recaiu, assim, sobre Patr\u00edcia Carvalho, atual deputada \u00e0 Assembleia da Rep\u00fablica. O Chega ainda n\u00e3o reagiu \u00e0 substitui\u00e7\u00e3o da candidata a presidente da C\u00e2mara de Set\u00fabal.<\/p>\n","protected":false},"excerpt":{"rendered":"Lina Lopes, antiga deputada do PSD que se desfiliou do partido para ser candidata \u00e0 C\u00e2mara de Set\u00fabal&hellip;\n","protected":false},"author":2,"featured_media":34510,"comment_status":"","ping_status":"","sticky":false,"template":"","format":"standard","meta":{"footnotes":""},"categories":[10],"tags":[27,28,15,16,14,25,26,21,22,12,13,19,20,32,23,24,33,17,18,29,30,31],"class_list":{"0":"post-34509","1":"post","2":"type-post","3":"status-publish","4":"format-standard","5":"has-post-thumbnail","7":"category-portugal","8":"tag-breaking-news","9":"tag-breakingnews","10":"tag-featured-news","11":"tag-featurednews","12":"tag-headlines","13":"tag-latest-news","14":"tag-latestnews","15":"tag-main-news","16":"tag-mainnews","17":"tag-news","18":"tag-noticias","19":"tag-noticias-principais","20":"tag-noticiasprincipais","21":"tag-portugal","22":"tag-principais-noticias","23":"tag-principaisnoticias","24":"tag-pt","25":"tag-top-stories","26":"tag-topstories","27":"tag-ultimas","28":"tag-ultimas-noticias","29":"tag-ultimasnoticias"},"share_on_mastodon":{"url":"","error":""},"_links":{"self":[{"href":"https:\/\/www.europesays.com\/pt\/wp-json\/wp\/v2\/posts\/34509","targetHints":{"allow":["GET"]}}],"collection":[{"href":"https:\/\/www.europesays.com\/pt\/wp-json\/wp\/v2\/posts"}],"about":[{"href":"https:\/\/www.europesays.com\/pt\/wp-json\/wp\/v2\/types\/post"}],"author":[{"embeddable":true,"href":"https:\/\/www.europesays.com\/pt\/wp-json\/wp\/v2\/users\/2"}],"replies":[{"embeddable":true,"href":"https:\/\/www.europesays.com\/pt\/wp-json\/wp\/v2\/comments?post=34509"}],"version-history":[{"count":0,"href":"https:\/\/www.europesays.com\/pt\/wp-json\/wp\/v2\/posts\/34509\/revisions"}],"wp:featuredmedia":[{"embeddable":true,"href":"https:\/\/www.europesays.com\/pt\/wp-json\/wp\/v2\/media\/34510"}],"wp:attachment":[{"href":"https:\/\/www.europesays.com\/pt\/wp-json\/wp\/v2\/media?parent=34509"}],"wp:term":[{"taxonomy":"category","embeddable":true,"href":"https:\/\/www.europesays.com\/pt\/wp-json\/wp\/v2\/categories?post=34509"},{"taxonomy":"post_tag","embeddable":true,"href":"https:\/\/www.europesays.com\/pt\/wp-json\/wp\/v2\/tags?post=34509"}],"curies":[{"name":"wp","href":"https:\/\/api.w.org\/{rel}","templated":true}]}}