{"id":34521,"date":"2025-08-18T15:34:08","date_gmt":"2025-08-18T15:34:08","guid":{"rendered":"https:\/\/www.europesays.com\/pt\/34521\/"},"modified":"2025-08-18T15:34:08","modified_gmt":"2025-08-18T15:34:08","slug":"para-haver-negocio-o-fenerbahce-tem-de-pagar-os-225-milhoes-de-euros-maisfutebol","status":"publish","type":"post","link":"https:\/\/www.europesays.com\/pt\/34521\/","title":{"rendered":"\u00abPara haver neg\u00f3cio, o Fenerbah\u00e7e tem de pagar os 22,5 milh\u00f5es de euros\u00bb &#8211; Maisfutebol"},"content":{"rendered":"<ol>\n<li><a href=\"https:\/\/news.google.com\/rss\/articles\/CBMixwFBVV95cUxPX2J5N3gwWUVkQVEwWm0yVUltMkFfVlY0Vzlfc3NmTUEyOXVsS29kMzNFQ0ZFSDRqTzgybjlCNWNlcGhfVEtIU0dyb2xYMzBaX2NCT0w5SllNWUt3emgyRVJiZmNHWGtTa1V0bk1WQzU3VUk2NDFmYVlWTjZmTld0UldGaEVTNlpqbFd2TTZ0NW1fcG5pS2tvaF9tY0ZmaGR6T0lEb0czd1lfbFEzWHR0cDM1azRrdkZqVmtMUURrUEc4TGhYcmRB?oc=5\" target=\"_blank\" rel=\"nofollow noopener\">\u00abPara haver neg\u00f3cio, o Fenerbah\u00e7e tem de pagar os 22,5 milh\u00f5es de euros\u00bb<\/a>&nbsp;&nbsp;Maisfutebol<\/li>\n<li><a href=\"https:\/\/news.google.com\/rss\/articles\/CBMiugFBVV95cUxOSEZyVVVfbUd5azBoSDlsWFRuSUhpZTdsRzJSa0NVandKTVFkOVI3b3RYQlEwdEpoc0JyX0Y2allqaU16S1ZHN29Rd3ZSZkpGRGZTNWFaOEhJb2ExVDFvdXFZTkJsb3dScF93Yl9VTllKMzViZ2EyQ3ZDanlKcFR2a3BMVFk0TmZ3cUZxbVdJWHdwdWs2bG1ma04temEyRElocVM2SG5ad0p0Zmg0ZW9kWlk0ZWNKaG9pYmc?oc=5\" target=\"_blank\" rel=\"nofollow noopener\">Kok\u00e7u chama por Akturkoglu: \u00abFicaremos felizes se vier para o Besiktas\u00bb<\/a>&nbsp;&nbsp;A Bola<\/li>\n<li><a href=\"https:\/\/news.google.com\/rss\/articles\/CBMi0gFBVV95cUxQU2VZX2RVZW92XzhBRm9DLXpMVUdfanlJUFdqN1psWnE2MExTRmtKUEJsbkdUSXpTc1BaWnhyNWc3aEJPRmdBRk1FZnlHZWUxNnppcm92VDF1TGh5OFZZWEtMenMxeFloandodm1nekV2TWd1MGlBZkJ1VmppNTVTcFhBeGVKYUFLUHloemVuWmpEVmZEZVd5N2RiT1hZNjlMb09fcnN2ZlVidEdNanpzWEVXOUlTTW5RME9hOG5vQ041TW5fTjNkdEpsN0JFaWpKLXc?oc=5\" target=\"_blank\" rel=\"nofollow noopener\">Ricardo Granada sobre Hjulmand: \u00abO Man. United n\u00e3o \u00e9 uma possibilidade neste momento\u00bb<\/a>&nbsp;&nbsp;Record<\/li>\n<li><a href=\"https:\/\/news.google.com\/rss\/articles\/CBMiwAFBVV95cUxQQzh1TnRFRU43RUVnRVloRGUwejJwalhfcEtNV3lpSzc2T2JiV1FsSkVxbmU5X1NoT1JIOVl3YVNJbTBVMWRGbVdQa3RzbjNQSkg4cWZWUTNsRTBRanlUa0xVSWVmaDZEYVJVSWVKcl9laEZtNG5IVFNuSzlib2FRelM2YVg1OHFkbTY0UHZiYXljbkp4T2JBVENwWDBzeE9IUmgxaHZmdXUzY1RtMGh5OG53UnlxUlFFT0tjMk1TRmk?oc=5\" target=\"_blank\" rel=\"nofollow noopener\">K\u00f6k\u00e7\u00fc comenta futuro de Kerem Akt\u00fcrkoglu e abre porta ao reencontro na Turquia<\/a>&nbsp;&nbsp;SAPO<\/li>\n<li><a href=\"https:\/\/news.google.com\/rss\/articles\/CBMi0wFBVV95cUxQUGp4cHNNdUhXVnAyZkp1MFZwTzVqbTA0SnAwNzhoUjh4OHlBVWs4bURUSnpDa05TMUpNTFFOTnFiellJNVBkNFVPVGpEU05XZFc1MTd1ajQzekdVaTlvU0dnRWxtS3lBblFXUEJCR3NISjNOU2s3YWVxYk5sNDY3SG53dEItVnhKRFlLcVNJVlVRQVVxTEJLYm9kUkJkM2E3RUtPN2VEd2xxbVJNZ09LNUJYaEZKYmk4WmtWTWRGWm5UWWhUc05wNkRDMFYxODd5Q0Vn?oc=5\" target=\"_blank\" rel=\"nofollow noopener\">Rui Costa em contacto oficial com o presidente do Fenerbah\u00e7e por Kerem Akturkoglu<\/a>&nbsp;&nbsp;Bola na Rede<\/li>\n<\/ol>\n","protected":false},"excerpt":{"rendered":"\u00abPara haver neg\u00f3cio, o Fenerbah\u00e7e tem de pagar os 22,5 milh\u00f5es de euros\u00bb&nbsp;&nbsp;Maisfutebol Kok\u00e7u chama por Akturkoglu: \u00abFicaremos&hellip;\n","protected":false},"author":2,"featured_media":34522,"comment_status":"","ping_status":"","sticky":false,"template":"","format":"standard","meta":{"footnotes":""},"categories":[87],"tags":[10230,51,135,918,46,42,32,33,47,6058,134,35],"class_list":{"0":"post-34521","1":"post","2":"type-post","3":"status-publish","4":"format-standard","5":"has-post-thumbnail","7":"category-desporto","8":"tag-ali-koc","9":"tag-benfica","10":"tag-desporto","11":"tag-fenerbahce","12":"tag-maisfutebol","13":"tag-mercado","14":"tag-portugal","15":"tag-pt","16":"tag-pura-paixao","17":"tag-rui-costa","18":"tag-sports","19":"tag-transferencias"},"share_on_mastodon":{"url":"","error":""},"_links":{"self":[{"href":"https:\/\/www.europesays.com\/pt\/wp-json\/wp\/v2\/posts\/34521","targetHints":{"allow":["GET"]}}],"collection":[{"href":"https:\/\/www.europesays.com\/pt\/wp-json\/wp\/v2\/posts"}],"about":[{"href":"https:\/\/www.europesays.com\/pt\/wp-json\/wp\/v2\/types\/post"}],"author":[{"embeddable":true,"href":"https:\/\/www.europesays.com\/pt\/wp-json\/wp\/v2\/users\/2"}],"replies":[{"embeddable":true,"href":"https:\/\/www.europesays.com\/pt\/wp-json\/wp\/v2\/comments?post=34521"}],"version-history":[{"count":0,"href":"https:\/\/www.europesays.com\/pt\/wp-json\/wp\/v2\/posts\/34521\/revisions"}],"wp:featuredmedia":[{"embeddable":true,"href":"https:\/\/www.europesays.com\/pt\/wp-json\/wp\/v2\/media\/34522"}],"wp:attachment":[{"href":"https:\/\/www.europesays.com\/pt\/wp-json\/wp\/v2\/media?parent=34521"}],"wp:term":[{"taxonomy":"category","embeddable":true,"href":"https:\/\/www.europesays.com\/pt\/wp-json\/wp\/v2\/categories?post=34521"},{"taxonomy":"post_tag","embeddable":true,"href":"https:\/\/www.europesays.com\/pt\/wp-json\/wp\/v2\/tags?post=34521"}],"curies":[{"name":"wp","href":"https:\/\/api.w.org\/{rel}","templated":true}]}}