{"id":34536,"date":"2025-08-18T15:47:08","date_gmt":"2025-08-18T15:47:08","guid":{"rendered":"https:\/\/www.europesays.com\/pt\/34536\/"},"modified":"2025-08-18T15:47:08","modified_gmt":"2025-08-18T15:47:08","slug":"missao-impossivel-8-chega-ao-streaming-saiba-onde-assistir","status":"publish","type":"post","link":"https:\/\/www.europesays.com\/pt\/34536\/","title":{"rendered":"&#8220;Miss\u00e3o: Imposs\u00edvel 8&#8221; chega ao streaming; saiba onde assistir"},"content":{"rendered":"<p class=\"my-5 break-words group-[.isActiveSource]:text-xl\">O oitavo filme da franquia<strong class=\"group-[.isActiveSource]:text-xl group-[.isActiveSource]:font-bold group-[.isActiveSource]:text-xl group-[.isActiveSource]:font-bold\">\u00a0&#8220;Miss\u00e3o: Imposs\u00edvel&#8221;<\/strong>, intitulado &#8220;O Acerto Final&#8221;, chega \u00e0s plataformas digitais nesta segunda-feira (18). O t\u00edtulo est\u00e1 dispon\u00edvel para aluguel e compra no Apple TV, Google Play, Microsoft Store e Prime Video.<\/p>\n<p class=\"my-5 break-words group-[.isActiveSource]:text-xl\">Na\u00a0<a class=\"text-red-600 underline hover:text-red-500 font-medium break-words group-[.isActiveSource]:text-xl\" href=\"https:\/\/www.cnnbrasil.com.br\/entretenimento\/missao-impossivel-8-e-ovacionado-por-5-minutos-no-festival-de-cannes\/\" target=\"_self\" rel=\"nofollow noopener\">trama<\/a>, Ethan Hunt enfrenta mais uma miss\u00e3o. Dessa vez, ele deve encontrar e destruir uma IA poderosa conhecida como The Entity.<\/p>\n<p class=\"my-5 break-words group-[.isActiveSource]:text-xl my-5 break-words group-[.isActiveSource]:text-xl\">A produ\u00e7\u00e3o \u00e9 estrelada por\u00a0<a href=\"https:\/\/www.cnnbrasil.com.br\/entretenimento\/tom-cruise-entra-em-guinness-book-com-maior-numero-de-saltos-de-paraquedas\/\" class=\"text-red-600 underline hover:text-red-500 font-medium break-words group-[.isActiveSource]:text-xl\" target=\"_self\" rel=\"nofollow noopener\"><strong class=\"group-[.isActiveSource]:text-xl group-[.isActiveSource]:font-bold\">Tom Cruise<\/strong><\/a> e nomes como <strong class=\"group-[.isActiveSource]:text-xl group-[.isActiveSource]:font-bold group-[.isActiveSource]:text-xl group-[.isActiveSource]:font-bold\">Hayley Atwell<\/strong>\u00a0(\u201cAgent Carter\u201d),\u00a0<strong class=\"group-[.isActiveSource]:text-xl group-[.isActiveSource]:font-bold group-[.isActiveSource]:text-xl group-[.isActiveSource]:font-bold\">Ving Rhames<\/strong>\u00a0(\u201cBaby Boy\u201d),\u00a0<strong class=\"group-[.isActiveSource]:text-xl group-[.isActiveSource]:font-bold group-[.isActiveSource]:text-xl group-[.isActiveSource]:font-bold\">Simon Pegg<\/strong>\u00a0(\u201cTodo Mundo Quase Morto\u201d),\u00a0<strong class=\"group-[.isActiveSource]:text-xl group-[.isActiveSource]:font-bold group-[.isActiveSource]:text-xl group-[.isActiveSource]:font-bold\">Vanessa Kirby<\/strong>\u00a0(\u201cNapole\u00e3o\u201d),\u00a0<strong class=\"group-[.isActiveSource]:text-xl group-[.isActiveSource]:font-bold group-[.isActiveSource]:text-xl group-[.isActiveSource]:font-bold\">Henry Czerny<\/strong> (\u201cRevenge\u201d),\u00a0<a class=\"text-red-600 underline hover:text-red-500 font-medium break-words group-[.isActiveSource]:text-xl\" href=\"https:\/\/www.cnnbrasil.com.br\/entretenimento\/angela-bassett-e-mel-brooks-recebem-oscar-honorario-em-cerimonia-de-hollywood\/\" target=\"_self\" rel=\"nofollow noopener\">Angela Bassett<\/a> (\u201cPantera Negra\u201d) e mais comp\u00f5em o elenco.<\/p>\n<p class=\"my-5 break-words group-[.isActiveSource]:text-xl\">A dire\u00e7\u00e3o \u00e9 <strong class=\"group-[.isActiveSource]:text-xl group-[.isActiveSource]:font-bold\">Christopher McQuarrie<\/strong>, respons\u00e1vel pelos filmes da franquia desde 2015.<\/p>\n<p>Assista ao trailer de &#8220;Miss\u00e3o Imposs\u00edvel: O Acerto Final&#8221;<\/p>\n","protected":false},"excerpt":{"rendered":"O oitavo filme da franquia\u00a0&#8220;Miss\u00e3o: Imposs\u00edvel&#8221;, intitulado &#8220;O Acerto Final&#8221;, chega \u00e0s plataformas digitais nesta segunda-feira (18). O&hellip;\n","protected":false},"author":2,"featured_media":34537,"comment_status":"","ping_status":"","sticky":false,"template":"","format":"standard","meta":{"footnotes":""},"categories":[140],"tags":[114,115,147,148,146,32,33],"class_list":{"0":"post-34536","1":"post","2":"type-post","3":"status-publish","4":"format-standard","5":"has-post-thumbnail","7":"category-filmes","8":"tag-entertainment","9":"tag-entretenimento","10":"tag-film","11":"tag-filmes","12":"tag-movies","13":"tag-portugal","14":"tag-pt"},"share_on_mastodon":{"url":"","error":""},"_links":{"self":[{"href":"https:\/\/www.europesays.com\/pt\/wp-json\/wp\/v2\/posts\/34536","targetHints":{"allow":["GET"]}}],"collection":[{"href":"https:\/\/www.europesays.com\/pt\/wp-json\/wp\/v2\/posts"}],"about":[{"href":"https:\/\/www.europesays.com\/pt\/wp-json\/wp\/v2\/types\/post"}],"author":[{"embeddable":true,"href":"https:\/\/www.europesays.com\/pt\/wp-json\/wp\/v2\/users\/2"}],"replies":[{"embeddable":true,"href":"https:\/\/www.europesays.com\/pt\/wp-json\/wp\/v2\/comments?post=34536"}],"version-history":[{"count":0,"href":"https:\/\/www.europesays.com\/pt\/wp-json\/wp\/v2\/posts\/34536\/revisions"}],"wp:featuredmedia":[{"embeddable":true,"href":"https:\/\/www.europesays.com\/pt\/wp-json\/wp\/v2\/media\/34537"}],"wp:attachment":[{"href":"https:\/\/www.europesays.com\/pt\/wp-json\/wp\/v2\/media?parent=34536"}],"wp:term":[{"taxonomy":"category","embeddable":true,"href":"https:\/\/www.europesays.com\/pt\/wp-json\/wp\/v2\/categories?post=34536"},{"taxonomy":"post_tag","embeddable":true,"href":"https:\/\/www.europesays.com\/pt\/wp-json\/wp\/v2\/tags?post=34536"}],"curies":[{"name":"wp","href":"https:\/\/api.w.org\/{rel}","templated":true}]}}