{"id":34549,"date":"2025-08-18T15:56:07","date_gmt":"2025-08-18T15:56:07","guid":{"rendered":"https:\/\/www.europesays.com\/pt\/34549\/"},"modified":"2025-08-18T15:56:07","modified_gmt":"2025-08-18T15:56:07","slug":"israelita-gal-gadot-atribui-fracasso-de-branca-de-neve-a-causa-palestiniana","status":"publish","type":"post","link":"https:\/\/www.europesays.com\/pt\/34549\/","title":{"rendered":"Israelita Gal Gadot atribui fracasso de Branca de Neve \u00e0 causa palestiniana"},"content":{"rendered":"<p>&#13;<br \/>\n<b>A mais recente vers\u00e3o do conto de fadas dos est\u00fadios Disney, Branca de Neve, teve um desempenho que ficou muito longe do esperado<\/b>. O live-action conta com Rachel Zegler como Branca de Neve e Gal Gadot como Rainha M\u00e1. <br \/>&#13;\n<\/p>\n<p>&#13;<br \/>\nEm entrevista ao israelita Channel Keshet 12, Gadot, conhecida pelo papel de Mulher-Maravilha,  revelou o que na sua opini\u00e3o teria motivado o fracasso de bilheteria do filme produzido pelos est\u00fadios da Disney.&#13;\n<\/p>\n<p>&#13;<br \/>\n<b>A atriz apontou que a \u201cpress\u00e3o para que celebridades se manifestem contra Israel\u201d acabou por \u201cafetar bastante\u201d o desempenho do filme e consequentemente nas bilheteiras.<\/b>&#13;\n<\/p>\n<p>&#13;<br \/>\n\u201cDe qualquer forma, tenho que dizer que gostei muito de fazer esse filme\u201d, afirmou a atriz que deu vida \u00e0 Rainha M\u00e1, acrescentando: \u201cEu at\u00e9 gostei de trabalhar com a Rachel Zegler (Branca de Neve). N\u00f3s rimos, convers\u00e1mos e foi divertido. Eu tinha certeza de que este filme seria um grande sucesso\u201d.&#13;\n<\/p>\n<p>&#13;<br \/>\nPassado de Gadot e o boicote a Israel<br \/>&#13;<br \/>\n<br \/>&#13;\n<\/p>\n<p>&#13;<br \/>\nPor\u00e9m, o passado da atriz israelita come\u00e7ou a  alimentar controv\u00e9rsias \u00e0 medida que os ataques de Israel a Gaza se intensificaram.&#13;\n<\/p>\n<p>&#13;<br \/>\n<b>Gadot, que serviu dois anos nas For\u00e7as de Defesa de Israel e participou da guerra Israel-L\u00edbano em 2006, diz que j\u00e1 enfrentou repercuss\u00f5es pol\u00edticas na carreira<\/b>. O L\u00edbano chegou a banir o filme Mulher-Maravilha de 2017 justamente por causa do seu hist\u00f3rico militar.&#13;\n<\/p>\n<p>Rachel Zegler, por outro lado, manifestou apoio \u00e0 Palestina na rede social X, h\u00e1 cerca de um ano &#8211; <b>&#8220;and always remember, free palestine&#8221;<\/b> (lembrem-se sempre, Palestina Livre), algo que n\u00e3o foi bem recebido pelo produtor Marc Platt durante a divulga\u00e7\u00e3o de Branca de Neve.<\/p>\n<blockquote class=\"twitter-tweet\"><p>&#13;<\/p>\n<p dir=\"ltr\" lang=\"en\">&#13;<br \/>\n\tand always remember, free palestine.&#13;\n\t<\/p>\n<p>&#13;<br \/>\n\t\u2014 rachel zegler (she\/her\/hers) (@rachelzegler) <a href=\"https:\/\/twitter.com\/rachelzegler\/status\/1823146134769893534?ref_src=twsrc%5Etfw\" rel=\"nofollow noopener\" target=\"_blank\">August 12, 2024<\/a>&#13;\n<\/p><\/blockquote>\n<p><\/p>\n<p>&#13;<br \/>\nA atriz israelita, ao comentar a influ\u00eancia dos conflitos no desempenho do filme, observou que \u201cdepois do 7 de outubro de 2023, o que acontece em v\u00e1rios setores, inclusive em Hollywood, \u00e9 que <b>h\u00e1 muita press\u00e3o para que celebridades falem contra Israel\u201d<\/b>.&#13;\n<\/p>\n<p>&#13;<br \/>\n\u201cEu posso explicar e dar contexto sobre a realidade em Hollywood, mas l\u00e1 no fundo<b> as pessoas decidem por si pr\u00f3prias<\/b>. Fiquei desapontada porque o filme foi muito afetado por isso e n\u00e3o correu bem na bilheteria&#8221;.&#13;\n<\/p>\n<p>&#13;<br \/>\nFora das telas, os protestos tamb\u00e9m t\u00eam acompanhado Gadot. <br \/>&#13;\n<\/p>\n<p>&#13;<br \/>\nA atriz israelita alega que come\u00e7ou a<b> receber amea\u00e7as de morte<\/b> e entretanto a cerim\u00f3nia da coloca\u00e7\u00e3o da estrela no Passeio da Fama, em Hollywood, foi adiada. Deveria ter decorrido em mar\u00e7o. Dois meses depois, cinco pessoas foram detidas em Londres durante protestos contra as filmagens de The Runner, novo projeto da atriz.&#13;\n<\/p>\n<p>&#13;<br \/>\nOs est\u00fadios Disney revelaram que tiveram um preju\u00edzo estimado em 115 milh\u00f5es de d\u00f3lares com esta vers\u00e3o live-action de Branca de Neve. Entretanto o filme j\u00e1 est\u00e1 dispon\u00edvel no Disney plus. <br \/>&#13;\n<\/p>\n<p>&#13;<br \/>\nPerigoso ser-se israelita conhecido no exterior&#13;\n<\/p>\n<p>&#13;<br \/>\nDurante a entrevista, relativamente \u00e0s filhas \u201cn\u00e3o serem realmente israelitas\u201d, Gadot deixou claro que eram. A atriz acrescentou que estava a construir uma grande casa em Israel e que a fam\u00edlia poderia <b>voltar quando as suas filhas tivessem idade suficiente para servir no ex\u00e9rcito<\/b>.&#13;\n<\/p>\n<p>&#13;<br \/>\nGadot afirmou ainda que, apesar das frequentes sirenes de advert\u00eancia em territ\u00f3rio israelita, se sente mais segura em Israel e acentua: <b>\u201cAtualmente, \u00e9 muito mais complexo e perigoso ser-se um israelita conhecido no exterior\u201d.<\/b><br \/>&#13;\n<\/p>\n<p><script async src=\"https:\/\/platform.twitter.com\/widgets.js\" charset=\"utf-8\"><\/script><\/p>\n","protected":false},"excerpt":{"rendered":"&#13; A mais recente vers\u00e3o do conto de fadas dos est\u00fadios Disney, Branca de Neve, teve um desempenho&hellip;\n","protected":false},"author":2,"featured_media":34550,"comment_status":"","ping_status":"","sticky":false,"template":"","format":"standard","meta":{"footnotes":""},"categories":[145],"tags":[10913,211,210,1579,114,115,10912,2595,259,32,33,10914],"class_list":{"0":"post-34549","1":"post","2":"type-post","3":"status-publish","4":"format-standard","5":"has-post-thumbnail","7":"category-celebridades","8":"tag-branca-de-neve","9":"tag-celebridades","10":"tag-celebrities","11":"tag-disney","12":"tag-entertainment","13":"tag-entretenimento","14":"tag-gal-gadot","15":"tag-hollywood","16":"tag-israel","17":"tag-portugal","18":"tag-pt","19":"tag-rachel-zegler"},"share_on_mastodon":{"url":"","error":""},"_links":{"self":[{"href":"https:\/\/www.europesays.com\/pt\/wp-json\/wp\/v2\/posts\/34549","targetHints":{"allow":["GET"]}}],"collection":[{"href":"https:\/\/www.europesays.com\/pt\/wp-json\/wp\/v2\/posts"}],"about":[{"href":"https:\/\/www.europesays.com\/pt\/wp-json\/wp\/v2\/types\/post"}],"author":[{"embeddable":true,"href":"https:\/\/www.europesays.com\/pt\/wp-json\/wp\/v2\/users\/2"}],"replies":[{"embeddable":true,"href":"https:\/\/www.europesays.com\/pt\/wp-json\/wp\/v2\/comments?post=34549"}],"version-history":[{"count":0,"href":"https:\/\/www.europesays.com\/pt\/wp-json\/wp\/v2\/posts\/34549\/revisions"}],"wp:featuredmedia":[{"embeddable":true,"href":"https:\/\/www.europesays.com\/pt\/wp-json\/wp\/v2\/media\/34550"}],"wp:attachment":[{"href":"https:\/\/www.europesays.com\/pt\/wp-json\/wp\/v2\/media?parent=34549"}],"wp:term":[{"taxonomy":"category","embeddable":true,"href":"https:\/\/www.europesays.com\/pt\/wp-json\/wp\/v2\/categories?post=34549"},{"taxonomy":"post_tag","embeddable":true,"href":"https:\/\/www.europesays.com\/pt\/wp-json\/wp\/v2\/tags?post=34549"}],"curies":[{"name":"wp","href":"https:\/\/api.w.org\/{rel}","templated":true}]}}