{"id":345635,"date":"2026-04-16T17:48:26","date_gmt":"2026-04-16T17:48:26","guid":{"rendered":"https:\/\/www.europesays.com\/pt\/345635\/"},"modified":"2026-04-16T17:48:26","modified_gmt":"2026-04-16T17:48:26","slug":"portugal-esta-mais-vulneravel-a-grande-muralha-das-exportacoes-chinesas-conjuntura","status":"publish","type":"post","link":"https:\/\/www.europesays.com\/pt\/345635\/","title":{"rendered":"Portugal est\u00e1 mais vulner\u00e1vel \u00e0 &#8220;Grande Muralha&#8221; das exporta\u00e7\u00f5es chinesas &#8211; Conjuntura"},"content":{"rendered":"<p class=\"\">&#13;<br \/>\n        A China tem aumentado o n\u00edvel de especializa\u00e7\u00e3o das mercadorias que exporta. E essa especializa\u00e7\u00e3o \u00e9 uma amea\u00e7a \u00e0s exporta\u00e7\u00f5es europeias, j\u00e1 que concorre diretamente com produtos onde a Europa tinha tradicionalmente vantagem.\u00a0A conclus\u00e3o \u00e9 de uma <a href=\"https:\/\/www.cfp.pt\/pt\/publicacoes\/perspetivas-economicas-e-orcamentais\/perspetivas-economicas-e-orcamentais-2026-2030\" target=\"_blank\" rel=\"tag nofollow noopener\">an\u00e1lise divulgada esta quarta-feira pelo Conselho das Finan\u00e7as P\u00fablicas (CFP)<\/a>, que revela que <b>Portugal est\u00e1 cada vez mais vulner\u00e1vel aos produtos chineses.<\/b>&#13;\n    <\/p>\n","protected":false},"excerpt":{"rendered":"&#13; A China tem aumentado o n\u00edvel de especializa\u00e7\u00e3o das mercadorias que exporta. E essa especializa\u00e7\u00e3o \u00e9 uma&hellip;\n","protected":false},"author":2,"featured_media":345636,"comment_status":"","ping_status":"","sticky":false,"template":"","format":"standard","meta":{"footnotes":"","_share_on_mastodon":"0"},"categories":[10],"tags":[1305,27,28,358,476,1340,40633,8376,15,16,14,25,26,21,22,59356,12,13,19,20,32,23,24,33,17,18,29,30,31,636,7719],"class_list":["post-345635","post","type-post","status-publish","format-standard","has-post-thumbnail","category-portugal","tag-alemanha","tag-breaking-news","tag-breakingnews","tag-china","tag-economia","tag-economia-geral","tag-economia-negocios-e-financas","tag-exportacoes","tag-featured-news","tag-featurednews","tag-headlines","tag-latest-news","tag-latestnews","tag-main-news","tag-mainnews","tag-nazare-da-costa-cabral","tag-news","tag-noticias","tag-noticias-principais","tag-noticiasprincipais","tag-portugal","tag-principais-noticias","tag-principaisnoticias","tag-pt","tag-top-stories","tag-topstories","tag-ultimas","tag-ultimas-noticias","tag-ultimasnoticias","tag-uniao-europeia","tag-xi-jinping"],"share_on_mastodon":{"url":"","error":"Validation failed: Text character limit of 500 exceeded"},"_links":{"self":[{"href":"https:\/\/www.europesays.com\/pt\/wp-json\/wp\/v2\/posts\/345635","targetHints":{"allow":["GET"]}}],"collection":[{"href":"https:\/\/www.europesays.com\/pt\/wp-json\/wp\/v2\/posts"}],"about":[{"href":"https:\/\/www.europesays.com\/pt\/wp-json\/wp\/v2\/types\/post"}],"author":[{"embeddable":true,"href":"https:\/\/www.europesays.com\/pt\/wp-json\/wp\/v2\/users\/2"}],"replies":[{"embeddable":true,"href":"https:\/\/www.europesays.com\/pt\/wp-json\/wp\/v2\/comments?post=345635"}],"version-history":[{"count":0,"href":"https:\/\/www.europesays.com\/pt\/wp-json\/wp\/v2\/posts\/345635\/revisions"}],"wp:featuredmedia":[{"embeddable":true,"href":"https:\/\/www.europesays.com\/pt\/wp-json\/wp\/v2\/media\/345636"}],"wp:attachment":[{"href":"https:\/\/www.europesays.com\/pt\/wp-json\/wp\/v2\/media?parent=345635"}],"wp:term":[{"taxonomy":"category","embeddable":true,"href":"https:\/\/www.europesays.com\/pt\/wp-json\/wp\/v2\/categories?post=345635"},{"taxonomy":"post_tag","embeddable":true,"href":"https:\/\/www.europesays.com\/pt\/wp-json\/wp\/v2\/tags?post=345635"}],"curies":[{"name":"wp","href":"https:\/\/api.w.org\/{rel}","templated":true}]}}