{"id":345869,"date":"2026-04-16T21:08:38","date_gmt":"2026-04-16T21:08:38","guid":{"rendered":"https:\/\/www.europesays.com\/pt\/345869\/"},"modified":"2026-04-16T21:08:38","modified_gmt":"2026-04-16T21:08:38","slug":"igas-enviou-um-relatorio-em-exclusivo-a-tvi-sobre-o-medico-miguel-alpalhao-mas-agora-reconhece-equivoco","status":"publish","type":"post","link":"https:\/\/www.europesays.com\/pt\/345869\/","title":{"rendered":"IGAS enviou um relat\u00f3rio em exclusivo \u00e0 TVI sobre o m\u00e9dico Miguel Alpalh\u00e3o mas agora reconhece equ\u00edvoco"},"content":{"rendered":"<p>\t                Dinheiro que o m\u00e9dico deve ao Estado anda perto dos 900 mil euros<\/p>\n<p>A Inspe\u00e7\u00e3o-Geral de Atividades em Sa\u00fade (IGAS) enviou um relat\u00f3rio em exclusivo \u00e0 TVI (do mesmo grupo da CNN Portugal) relacionado com os epis\u00f3dios de cirurgia irregulares no servi\u00e7o de dermatologia do Hospital de Santa Maria, reconhecendo agora um equ\u00edvoco.<\/p>\n<p>O inspetor-geral alega que\u00a0fez um relat\u00f3rio sobre uma amostra de todos os epis\u00f3dios de cirurgias adicionais irregulares envolvendo todos os m\u00e9dicos do Santa Maria.<\/p>\n<p>De resto, o relat\u00f3rio da IGAS faz refer\u00eancia a apenas um m\u00e9dico e n\u00e3o \u00e0s equipas de cirurgia.<\/p>\n<p>O \u00a0valor a que chegou &#8211; 900 mil euros &#8211; fica muito aqu\u00e9m dos quatro milh\u00f5es de euros de facto ganhos indevidamente por todas as equipas de dermatologia envolvidas no esc\u00e2ndalo.<\/p>\n<p>Al\u00e9m disso, o Hospital de Santa Maria confirma \u00e0 TVI que o dinheiro que Miguel Alpalh\u00e3o deve ao Estado est\u00e1 perto dos 900 mil euros, tal como foi <a href=\"https:\/\/cnnportugal.iol.pt\/dermatologista-do-santa-maria\/miguel-alpalhao\/exclusivo-dermatologista-do-santa-maria-obrigado-a-devolver-818-756-11-por-cirurgias-indevidas\/20260415\/69dfc981d34e28842c82f40d\" target=\"_blank\" rel=\"nofollow noopener\">noticiado pelo Exclusivo<\/a> esta quarta-feira.<\/p>\n","protected":false},"excerpt":{"rendered":"Dinheiro que o m\u00e9dico deve ao Estado anda perto dos 900 mil euros A Inspe\u00e7\u00e3o-Geral de Atividades em&hellip;\n","protected":false},"author":2,"featured_media":345870,"comment_status":"","ping_status":"","sticky":false,"template":"","format":"standard","meta":{"footnotes":"","_share_on_mastodon":"0"},"categories":[8],"tags":[609,611,27,28,607,608,604,4805,610,539,15,16,14,21863,603,25,26,570,21,22,606,35349,12,13,19,20,602,32,23,24,33,58,605,17,18,29,30,31],"class_list":["post-345869","post","type-post","status-publish","format-standard","has-post-thumbnail","category-principais-noticias","tag-alerta","tag-ao-minuto","tag-breaking-news","tag-breakingnews","tag-cnn","tag-cnn-portugal","tag-crime","tag-dermatologia","tag-direto","tag-educacao","tag-featured-news","tag-featurednews","tag-headlines","tag-igas","tag-justica","tag-latest-news","tag-latestnews","tag-live","tag-main-news","tag-mainnews","tag-meteorologia","tag-miguel-alpalhao","tag-news","tag-noticias","tag-noticias-principais","tag-noticiasprincipais","tag-pais","tag-portugal","tag-principais-noticias","tag-principaisnoticias","tag-pt","tag-sociedade","tag-tempo","tag-top-stories","tag-topstories","tag-ultimas","tag-ultimas-noticias","tag-ultimasnoticias"],"share_on_mastodon":{"url":"","error":"Validation failed: Text character limit of 500 exceeded"},"_links":{"self":[{"href":"https:\/\/www.europesays.com\/pt\/wp-json\/wp\/v2\/posts\/345869","targetHints":{"allow":["GET"]}}],"collection":[{"href":"https:\/\/www.europesays.com\/pt\/wp-json\/wp\/v2\/posts"}],"about":[{"href":"https:\/\/www.europesays.com\/pt\/wp-json\/wp\/v2\/types\/post"}],"author":[{"embeddable":true,"href":"https:\/\/www.europesays.com\/pt\/wp-json\/wp\/v2\/users\/2"}],"replies":[{"embeddable":true,"href":"https:\/\/www.europesays.com\/pt\/wp-json\/wp\/v2\/comments?post=345869"}],"version-history":[{"count":0,"href":"https:\/\/www.europesays.com\/pt\/wp-json\/wp\/v2\/posts\/345869\/revisions"}],"wp:featuredmedia":[{"embeddable":true,"href":"https:\/\/www.europesays.com\/pt\/wp-json\/wp\/v2\/media\/345870"}],"wp:attachment":[{"href":"https:\/\/www.europesays.com\/pt\/wp-json\/wp\/v2\/media?parent=345869"}],"wp:term":[{"taxonomy":"category","embeddable":true,"href":"https:\/\/www.europesays.com\/pt\/wp-json\/wp\/v2\/categories?post=345869"},{"taxonomy":"post_tag","embeddable":true,"href":"https:\/\/www.europesays.com\/pt\/wp-json\/wp\/v2\/tags?post=345869"}],"curies":[{"name":"wp","href":"https:\/\/api.w.org\/{rel}","templated":true}]}}