{"id":345873,"date":"2026-04-16T21:15:25","date_gmt":"2026-04-16T21:15:25","guid":{"rendered":"https:\/\/www.europesays.com\/pt\/345873\/"},"modified":"2026-04-16T21:15:25","modified_gmt":"2026-04-16T21:15:25","slug":"paramount-exibe-trailer-do-novo-filme-de-david-ayer-com-brad-pitt-na-cinemacon-leia-a-descricao","status":"publish","type":"post","link":"https:\/\/www.europesays.com\/pt\/345873\/","title":{"rendered":"Paramount exibe trailer do novo filme de David Ayer com Brad Pitt na CinemaCon; Leia a descri\u00e7\u00e3o"},"content":{"rendered":"<p class=\"wp-block-yoast-seo-estimated-reading-time yoast-reading-time__wrapper\">Estimated reading time: 2 minutos<\/p>\n<p><a href=\"http:\/\/www.ovicio.com.br\/tag\/brad-pitt\/?_gl=1*17h1j76*_gcl_au*MTA0NTExMDUwNi4xNzMwMDQyNDEz\" rel=\"nofollow noopener\" target=\"_blank\">Brad Pitt<\/a>\u00a0e <strong>David Ayer<\/strong>\u00a0(Cora\u00e7\u00f5es de Ferro) fizeram um novo filme juntos, intitulado\u00a0<strong>Heart of the Beast<\/strong>. Este teve trailer exibido na <strong>CinemaCon<\/strong>, durante o painel da <strong>Paramount<\/strong>.<\/p>\n<p>O thriller de sobreviv\u00eancia acompanha um ex-soldado e seu cachorro em uma luta pela vida ap\u00f3s um acidente de avi\u00e3o no Alasca. Leia a descri\u00e7\u00e3o do trailer:<\/p>\n<p>&#8220;<strong>Na pr\u00e9via, o cachorro de servi\u00e7o aposentado protege o personagem de Brad Pitt de de ursos, lobos e outras feras. &#8216;N\u00e3o importa o tamanho do c\u00e3o na briga, mas sim o tamanho da briga no c\u00e3o&#8217;, diz Pitt ao seu melhor amigo canino no eletrizante trailer. &#8216;Eu vou te levar para casa&#8217;, ele reafirma mais tarde. &#8216;S\u00f3 vamos ter que fazer isso do jeito mais dif\u00edcil<\/strong>&#8216;.&#8221;<\/p>\n<p><strong>Damien Chazelle<\/strong>\u00a0e\u00a0<strong>Olivia Hamilton<\/strong>\u00a0est\u00e3o produzindo <strong>Heart of the Beast<\/strong>, que chega aos cinemas no final deste ano.<\/p>\n<p>Leia tamb\u00e9m sobre Brad Pitt<\/p>\n<p><strong>Fonte: <\/strong><a href=\"https:\/\/variety.com\/2026\/film\/news\/brad-pitt-heart-of-the-beast-trailer-cinemacon-1236723521\/\" type=\"link\" id=\"https:\/\/variety.com\/2026\/film\/news\/brad-pitt-heart-of-the-beast-trailer-cinemacon-1236723521\/\" target=\"_blank\" rel=\"noreferrer noopener nofollow\">Deadline<\/a><\/p>\n","protected":false},"excerpt":{"rendered":"Estimated reading time: 2 minutos Brad Pitt\u00a0e David Ayer\u00a0(Cora\u00e7\u00f5es de Ferro) fizeram um novo filme juntos, intitulado\u00a0Heart of&hellip;\n","protected":false},"author":2,"featured_media":345874,"comment_status":"","ping_status":"","sticky":false,"template":"","format":"standard","meta":{"footnotes":"","_share_on_mastodon":"0"},"categories":[140],"tags":[8151,12964,114,115,147,148,59375,146,32,33],"class_list":["post-345873","post","type-post","status-publish","format-standard","has-post-thumbnail","category-filmes","tag-brad-pitt","tag-david-ayer","tag-entertainment","tag-entretenimento","tag-film","tag-filmes","tag-heart-of-the-beast","tag-movies","tag-portugal","tag-pt"],"share_on_mastodon":{"url":"https:\/\/pubeurope.com\/@pt\/116416464010310852","error":""},"_links":{"self":[{"href":"https:\/\/www.europesays.com\/pt\/wp-json\/wp\/v2\/posts\/345873","targetHints":{"allow":["GET"]}}],"collection":[{"href":"https:\/\/www.europesays.com\/pt\/wp-json\/wp\/v2\/posts"}],"about":[{"href":"https:\/\/www.europesays.com\/pt\/wp-json\/wp\/v2\/types\/post"}],"author":[{"embeddable":true,"href":"https:\/\/www.europesays.com\/pt\/wp-json\/wp\/v2\/users\/2"}],"replies":[{"embeddable":true,"href":"https:\/\/www.europesays.com\/pt\/wp-json\/wp\/v2\/comments?post=345873"}],"version-history":[{"count":0,"href":"https:\/\/www.europesays.com\/pt\/wp-json\/wp\/v2\/posts\/345873\/revisions"}],"wp:featuredmedia":[{"embeddable":true,"href":"https:\/\/www.europesays.com\/pt\/wp-json\/wp\/v2\/media\/345874"}],"wp:attachment":[{"href":"https:\/\/www.europesays.com\/pt\/wp-json\/wp\/v2\/media?parent=345873"}],"wp:term":[{"taxonomy":"category","embeddable":true,"href":"https:\/\/www.europesays.com\/pt\/wp-json\/wp\/v2\/categories?post=345873"},{"taxonomy":"post_tag","embeddable":true,"href":"https:\/\/www.europesays.com\/pt\/wp-json\/wp\/v2\/tags?post=345873"}],"curies":[{"name":"wp","href":"https:\/\/api.w.org\/{rel}","templated":true}]}}