{"id":34621,"date":"2025-08-18T17:05:06","date_gmt":"2025-08-18T17:05:06","guid":{"rendered":"https:\/\/www.europesays.com\/pt\/34621\/"},"modified":"2025-08-18T17:05:06","modified_gmt":"2025-08-18T17:05:06","slug":"morreu-makkas-rapper-dos-black-company-musica","status":"publish","type":"post","link":"https:\/\/www.europesays.com\/pt\/34621\/","title":{"rendered":"Morreu Makkas, rapper dos Black Company &#8211; M\u00fasica"},"content":{"rendered":"<p>Morreu Paulo Jorge Morais, conhecido como Makkas, um dos rappers dos Black Company, v\u00edtima de doen\u00e7a prolongada. O m\u00fasico tinha 49 anos.<\/p>\n<p>A not\u00edcia foi avan\u00e7ada na passada sexta-feira, 15 de agosto, por v\u00e1rios m\u00fasicos.<\/p>\n<p>O artista nasceu em Angola em 1976 e, nos anos 1990, tornou-se um dos pioneiros do hip-hop nacional. Makkas, ao lado de Gutto, KJB e Bambino, fez parte do coletivo Black Company, que conquistaram sucesso com temas como &#8220;Nadar&#8221;.<\/p>\n<p>Depois de\u00a0 o disco de estreia, &#8220;Gera\u00e7\u00e3o Rasca&#8221;, em 1995, a banda deu dezenas de concertos, tendo atuado, por exemplo, na primeira edi\u00e7\u00e3o do Super Bock Super Rock e na primeira parte do espet\u00e1culo de de Tina Turner no Est\u00e1dio do Restelo, em 1996.<\/p>\n<p>Nos \u00faltimos anos, Makkas estava afastado do mundo da m\u00fasica devido a problemas de sa\u00fade.<\/p>\n","protected":false},"excerpt":{"rendered":"Morreu Paulo Jorge Morais, conhecido como Makkas, um dos rappers dos Black Company, v\u00edtima de doen\u00e7a prolongada. O&hellip;\n","protected":false},"author":2,"featured_media":34622,"comment_status":"","ping_status":"","sticky":false,"template":"","format":"standard","meta":{"footnotes":""},"categories":[141],"tags":[114,115,149,150,32,33],"class_list":{"0":"post-34621","1":"post","2":"type-post","3":"status-publish","4":"format-standard","5":"has-post-thumbnail","7":"category-musica","8":"tag-entertainment","9":"tag-entretenimento","10":"tag-music","11":"tag-musica","12":"tag-portugal","13":"tag-pt"},"share_on_mastodon":{"url":"","error":""},"_links":{"self":[{"href":"https:\/\/www.europesays.com\/pt\/wp-json\/wp\/v2\/posts\/34621","targetHints":{"allow":["GET"]}}],"collection":[{"href":"https:\/\/www.europesays.com\/pt\/wp-json\/wp\/v2\/posts"}],"about":[{"href":"https:\/\/www.europesays.com\/pt\/wp-json\/wp\/v2\/types\/post"}],"author":[{"embeddable":true,"href":"https:\/\/www.europesays.com\/pt\/wp-json\/wp\/v2\/users\/2"}],"replies":[{"embeddable":true,"href":"https:\/\/www.europesays.com\/pt\/wp-json\/wp\/v2\/comments?post=34621"}],"version-history":[{"count":0,"href":"https:\/\/www.europesays.com\/pt\/wp-json\/wp\/v2\/posts\/34621\/revisions"}],"wp:featuredmedia":[{"embeddable":true,"href":"https:\/\/www.europesays.com\/pt\/wp-json\/wp\/v2\/media\/34622"}],"wp:attachment":[{"href":"https:\/\/www.europesays.com\/pt\/wp-json\/wp\/v2\/media?parent=34621"}],"wp:term":[{"taxonomy":"category","embeddable":true,"href":"https:\/\/www.europesays.com\/pt\/wp-json\/wp\/v2\/categories?post=34621"},{"taxonomy":"post_tag","embeddable":true,"href":"https:\/\/www.europesays.com\/pt\/wp-json\/wp\/v2\/tags?post=34621"}],"curies":[{"name":"wp","href":"https:\/\/api.w.org\/{rel}","templated":true}]}}