{"id":346670,"date":"2026-04-17T13:35:13","date_gmt":"2026-04-17T13:35:13","guid":{"rendered":"https:\/\/www.europesays.com\/pt\/346670\/"},"modified":"2026-04-17T13:35:13","modified_gmt":"2026-04-17T13:35:13","slug":"hisense-sera-o-fornecedor-oficial-de-televisao-para-o-var-no-mundial-fifa-2026","status":"publish","type":"post","link":"https:\/\/www.europesays.com\/pt\/346670\/","title":{"rendered":"Hisense ser\u00e1 o fornecedor oficial de televis\u00e3o para o VAR no Mundial FIFA 2026"},"content":{"rendered":"<p>A Hisense apresentou a sua nova gama 2026 de televisores RGB MiniLED na sede da FIFA, em Zurique, onde destacou n\u00e3o s\u00f3 os mais recentes avan\u00e7os em tecnologia de ecr\u00e3s, mas a solidez e a maturidade da sua parceria de longa data, na antecipa\u00e7\u00e3o do Mundial FIFA 2026.<\/p>\n<p><a target=\"_blank\" href=\"https:\/\/pplware.sapo.pt\/wp-content\/uploads\/2026\/04\/var-hisense-fifa-mundial2026-2.jpg\" onclick=\"refreshIframe()\" class=\"foobox\" rel=\"nofollow noopener\"><img fetchpriority=\"high\" decoding=\"async\" src=\"https:\/\/www.europesays.com\/pt\/wp-content\/uploads\/2026\/04\/var-hisense-fifa-mundial2026-2-720x405.jpg\" alt=\"Hisense no VAR do Mundial FIFA 2026\" width=\"720\" height=\"405\" class=\"aligncenter wp-image-1114316 size-medium\"  \/><\/a>\n<\/p>\n<p>Apresenta\u00e7\u00e3o da gama 2026 de TV RGB MiniLED na sede da FIFA<\/p>\n<p>Marca l\u00edder mundial no setor da eletr\u00f3nica de consumo e eletrodom\u00e9stico, a Hisense apresentou a sua nova gama 2026 de televisores RGB MiniLED. Refor\u00e7ando a solidez e maturidade da parceria de longa data, o palco das novidades foi a sede da FIFA, em Zurique.<\/p>\n<p>O evento reuniu tecnologia, futebol e inova\u00e7\u00e3o, num local que simboliza o resultado de uma parceria de v\u00e1rios anos, que vai al\u00e9m do patroc\u00ednio: assenta na confian\u00e7a, na inova\u00e7\u00e3o partilhada e na colabora\u00e7\u00e3o a longo prazo.<\/p>\n<blockquote>\n<p>O lan\u00e7amento das nossas televis\u00f5es RGB MiniLED na sede da FIFA \u00e9 poderosa demonstra\u00e7\u00e3o do quanto nossa parceria evoluiu. Com a gama RGB MiniLED 2026, estamos a oferecer uma tecnologia de visualiza\u00e7\u00e3o que cumpre os mais elevados padr\u00f5es, redefinindo a forma como os adeptos vivem o futebol, desde cada nuance de cor at\u00e9 ao mais \u00ednfimo detalhe.<\/p>\n<\/blockquote>\n<p>Afirmou Jianmin Han, diretor-executivo da Hisense Europe, durante o evento.<\/p>\n<p>Nova gama de televisores RGB MiniLED da Hisense<\/p>\n<p>Um dos pontos altos do evento foi a apresenta\u00e7\u00e3o da gama 2026 de televisores RGB MiniLED da <a target=\"_blank\" href=\"https:\/\/www.hisense.pt\/\" rel=\"nofollow noopener\">Hisense<\/a>, lan\u00e7ada sob o lema &#8220;See the unseen game in colour&#8221;.<\/p>\n<p>Como pioneira da tecnologia RGB MiniLED, a Hisense continua a expandir os limites do desempenho dos ecr\u00e3s, posicionando a nova gama como um marco fundamental na sua estrat\u00e9gia de televisores de alta qualidade e compromisso cont\u00ednuo com a inova\u00e7\u00e3o visual de elevado desempenho.<\/p>\n<p>A mais recente gera\u00e7\u00e3o de televisores RGB MiniLED apresenta melhorias significativas na precis\u00e3o das cores, no controlo do brilho e na reprodu\u00e7\u00e3o de detalhes, proporcionando uma experi\u00eancia de visualiza\u00e7\u00e3o mais natural, v\u00edvida e envolvente.<\/p>\n<p><a target=\"_blank\" href=\"https:\/\/pplware.sapo.pt\/wp-content\/uploads\/2026\/04\/RGB-MiniLED-Launch-Event-day02-Photo-4.jpg\" onclick=\"refreshIframe()\" class=\"foobox\" rel=\"nofollow noopener\"><img loading=\"lazy\" decoding=\"async\" src=\"https:\/\/www.europesays.com\/pt\/wp-content\/uploads\/2026\/04\/RGB-MiniLED-Launch-Event-day02-Photo-4-720x405.jpg\" alt=\"\" width=\"720\" height=\"405\" class=\"aligncenter size-medium wp-image-1114306\"  \/><\/a><\/p>\n<p>A impulsionar esta gama est\u00e1 o Hi View AI Engine RGB, segundo a Hisense, um processador de \u00faltima gera\u00e7\u00e3o que otimiza o processamento de imagem, o brilho, o contraste e o movimento em tempo real.<\/p>\n<p>Concebido para analisar o conte\u00fado cena a cena, garante clareza e precis\u00e3o, mesmo durante cenas de a\u00e7\u00e3o desportiva em ritmo acelerado.<\/p>\n<p>A gama de 2026 estar\u00e1 dispon\u00edvel em formatos de ecr\u00e3s que v\u00e3o desde as 55 \u00e0s 116 polegadas, para responder a uma ampla variedade de prefer\u00eancias de visualiza\u00e7\u00e3o.<\/p>\n<p>A gama apresenta duas novas s\u00e9ries, a UR8S e a UR9S, a par da s\u00e9rie topo de gama UX, tornando a avan\u00e7ada tecnologia RGB MiniLED acess\u00edvel a mais consumidores em todo o mundo.<\/p>\n<p>As televis\u00f5es incluem, tamb\u00e9m, um painel antirreflexo e sem brilho, permitindo uma visualiza\u00e7\u00e3o confort\u00e1vel em diferentes condi\u00e7\u00f5es de ilumina\u00e7\u00e3o, desde salas de estar \u00e0 luz do dia at\u00e9 \u00e0 visualiza\u00e7\u00e3o de jogos \u00e0 noite.<\/p>\n<p><a target=\"_blank\" href=\"https:\/\/pplware.sapo.pt\/wp-content\/uploads\/2026\/04\/RGB-MiniLED-Launch-Event-day02-Photo-6.jpg\" onclick=\"refreshIframe()\" class=\"foobox\" rel=\"nofollow noopener\"><img loading=\"lazy\" decoding=\"async\" src=\"https:\/\/www.europesays.com\/pt\/wp-content\/uploads\/2026\/04\/RGB-MiniLED-Launch-Event-day02-Photo-6-720x405.jpg\" alt=\"\" width=\"720\" height=\"405\" class=\"aligncenter size-medium wp-image-1114308\"  \/><\/a><\/p>\n<p>Hisense ser\u00e1 o fornecedor de televis\u00e3o do VAR Mundial FIFA 2026<\/p>\n<p>No mesmo evento foi ainda anunciado um marco importante na parceria: para o Mundial FIFA 2026, a <strong>Hisense ser\u00e1 o Fornecedor Oficial de Televis\u00e3o para Revis\u00e3o do \u00c1rbitro Assistente de V\u00eddeo (VAR)<\/strong>.<\/p>\n<p>Esta fun\u00e7\u00e3o alargada reflete a confian\u00e7a da FIFA na tecnologia de exibi\u00e7\u00e3o da Hisense, <strong>apoiando os \u00e1rbitros com ecr\u00e3s precisos e de alto desempenho<\/strong>, tanto nos est\u00e1dios como nos ambientes operacionais.<\/p>\n<p>Segundo Candy Pang, diretora geral de Marca Global da Hisense Global Commercial Center, a parceria da marca com a FIFA &#8220;evoluiu muito para al\u00e9m do patroc\u00ednio tradicional&#8221;.<\/p>\n<blockquote>\n<p>O facto de termos sido selecionados como Fornecedor Oficial de Televisores para Revis\u00e3o VAR do Mundial FIFA 2026 destaca a confian\u00e7a depositada na tecnologia Hisense, onde a precis\u00e3o, a fiabilidade e o desempenho s\u00e3o fundamentais.<\/p>\n<p>Iremos dar um forte apoio ao sistema de opera\u00e7\u00f5es VAR atrav\u00e9s do fornecimento da nossa tecnologia de visualiza\u00e7\u00e3o e dos nossos produtos de TV mais avan\u00e7ados: a TV RGB MiniLED que estamos a lan\u00e7ar aqui hoje.<\/p>\n<p>Quando os \u00e1rbitros assistentes de v\u00eddeo analisam as imagens ao vivo dos jogos, veem tudo com clareza e exatamente como acontece.<\/p>\n<\/blockquote>\n<p>Afirmou Pang, refor\u00e7ando que &#8220;estes ecr\u00e3s proporcionam cores incrivelmente ricas, naturais e precisas&#8221;.<\/p>\n<p><a target=\"_blank\" href=\"https:\/\/pplware.sapo.pt\/wp-content\/uploads\/2026\/04\/RGB-MiniLED-Launch-Event-Photo-6.jpg\" onclick=\"refreshIframe()\" class=\"foobox\" rel=\"nofollow noopener\"><img loading=\"lazy\" decoding=\"async\" src=\"https:\/\/www.europesays.com\/pt\/wp-content\/uploads\/2026\/04\/RGB-MiniLED-Launch-Event-Photo-6-720x405.jpg\" alt=\"\" width=\"720\" height=\"405\" class=\"aligncenter size-medium wp-image-1114312\"  \/><\/a><\/p>\n<p>Hisense patrocina o Mundial da FIFA pela terceira vez consecutiva<\/p>\n<p>A Hisense patrocina o Mundial da FIFA pela terceira vez consecutiva, ap\u00f3s os Campeonatos na R\u00fassia e no Catar. A edi\u00e7\u00e3o de 2026 ser\u00e1 a maior da hist\u00f3ria do campeonato, a decorrer no Canad\u00e1, no M\u00e9xico e nos Estados Unidos.<\/p>\n<p>A colabora\u00e7\u00e3o entre a Hisense e a FIFA teve in\u00edcio em 2017 e tem vindo a crescer continuamente, incluindo a primeira edi\u00e7\u00e3o do Mundial de Clubes da FIFA com 32 equipas, onde a <a target=\"_blank\" href=\"https:\/\/pplware.sapo.pt\/tag\/hisense\/\" rel=\"nofollow noopener\">Hisense<\/a> foi nomeada o primeiro Parceiro Oficial de sempre.<\/p>\n<p>Com jogos a decorrerem em tr\u00eas pa\u00edses, pela primeira vez, o Mundial FIFA 2026 est\u00e1 destinado a ser a edi\u00e7\u00e3o mais inclusiva at\u00e9 \u00e0 data.<\/p>\n<p>Atrav\u00e9s da sua parceria com a FIFA, a Hisense pretende melhorar a forma como os adeptos de todo o mundo vivem o futebol, com o apoio de tecnologia de visualiza\u00e7\u00e3o de ponta e de confian\u00e7a.<\/p>\n","protected":false},"excerpt":{"rendered":"A Hisense apresentou a sua nova gama 2026 de televisores RGB MiniLED na sede da FIFA, em Zurique,&hellip;\n","protected":false},"author":2,"featured_media":346671,"comment_status":"","ping_status":"","sticky":false,"template":"","format":"standard","meta":{"footnotes":"","_share_on_mastodon":"0"},"categories":[84],"tags":[109,107,108,2698,18904,32,33,18906,105,103,104,106,110],"class_list":["post-346670","post","type-post","status-publish","format-standard","has-post-thumbnail","category-ciencia-e-tecnologia","tag-ciencia","tag-ciencia-e-tecnologia","tag-cienciaetecnologia","tag-fifa","tag-hisense","tag-portugal","tag-pt","tag-rgb-miniled","tag-science","tag-science-and-technology","tag-scienceandtechnology","tag-technology","tag-tecnologia"],"share_on_mastodon":{"url":"https:\/\/pubeurope.com\/@pt\/116420314813219747","error":""},"_links":{"self":[{"href":"https:\/\/www.europesays.com\/pt\/wp-json\/wp\/v2\/posts\/346670","targetHints":{"allow":["GET"]}}],"collection":[{"href":"https:\/\/www.europesays.com\/pt\/wp-json\/wp\/v2\/posts"}],"about":[{"href":"https:\/\/www.europesays.com\/pt\/wp-json\/wp\/v2\/types\/post"}],"author":[{"embeddable":true,"href":"https:\/\/www.europesays.com\/pt\/wp-json\/wp\/v2\/users\/2"}],"replies":[{"embeddable":true,"href":"https:\/\/www.europesays.com\/pt\/wp-json\/wp\/v2\/comments?post=346670"}],"version-history":[{"count":0,"href":"https:\/\/www.europesays.com\/pt\/wp-json\/wp\/v2\/posts\/346670\/revisions"}],"wp:featuredmedia":[{"embeddable":true,"href":"https:\/\/www.europesays.com\/pt\/wp-json\/wp\/v2\/media\/346671"}],"wp:attachment":[{"href":"https:\/\/www.europesays.com\/pt\/wp-json\/wp\/v2\/media?parent=346670"}],"wp:term":[{"taxonomy":"category","embeddable":true,"href":"https:\/\/www.europesays.com\/pt\/wp-json\/wp\/v2\/categories?post=346670"},{"taxonomy":"post_tag","embeddable":true,"href":"https:\/\/www.europesays.com\/pt\/wp-json\/wp\/v2\/tags?post=346670"}],"curies":[{"name":"wp","href":"https:\/\/api.w.org\/{rel}","templated":true}]}}