{"id":34687,"date":"2025-08-18T17:58:09","date_gmt":"2025-08-18T17:58:09","guid":{"rendered":"https:\/\/www.europesays.com\/pt\/34687\/"},"modified":"2025-08-18T17:58:09","modified_gmt":"2025-08-18T17:58:09","slug":"samsung-galaxy-buds3-fe-e-lancado-com-audio-espacial-galaxy-ai-e-ate-30h-de-bateria","status":"publish","type":"post","link":"https:\/\/www.europesays.com\/pt\/34687\/","title":{"rendered":"Samsung Galaxy Buds3 FE \u00e9 lan\u00e7ado com \u00e1udio espacial, Galaxy AI e at\u00e9 30h de bateria"},"content":{"rendered":"<p><a class=\"tg-link-manual\" href=\"https:\/\/www.oficinadanet.com.br\/samsung\/62766-samsung-galaxy-unpacked-2025-o-que-esperar\" rel=\"nofollow noopener\" target=\"_blank\">Mais de um m\u00eas se passou desde o \u00faltimo Galaxy Unpacked<\/a>, mas a <strong>Samsung <\/strong>finalmente oficializou lan\u00e7amento do <strong data-end=\"605\">Galaxy Buds3 FE<\/strong>, nova gera\u00e7\u00e3o dos fones sem fio acess\u00edveis da marca que chegam como sucessores do Galaxy Buds FE de 2023. Com design atualizado, recursos de <a class=\"lib tg-lib\" href=\"https:\/\/www.oficinadanet.com.br\/inteligencia-artificial\" rel=\"nofollow noopener\" target=\"_blank\">intelig\u00eancia artificial<\/a> e bateria de longa dura\u00e7\u00e3o, os Buds3 FE prometem ser uma op\u00e7\u00e3o equilibrada para quem busca custo-benef\u00edcio.<\/p>\n<p>O que o novo Galaxy Buds3 FE oferece<\/p>\n<p>            &#13;<br \/>\n                    &#13;<br \/>\n                        &#13;<br \/>\n                        &#13;<br \/>\n                        &#13;<br \/>\n                        &#13;<br \/>\n                        <img decoding=\"async\" loading=\"lazy\" width=\"330\" height=\"172\" src=\"https:\/\/www.europesays.com\/pt\/wp-content\/uploads\/2025\/08\/galaxy-buyds3-fe.jpg\"  alt=\"Galaxy Buds3 FE. Imagem: Samsung\/Reprodu\u00e7\u00e3o\" title=\"Galaxy Buds3 FE. Imagem: Samsung\/Reprodu\u00e7\u00e3o\"\/>&#13;<br \/>\n                    Galaxy Buds3 FE. Imagem: <a class=\"lib tg-lib\" href=\"https:\/\/www.oficinadanet.com.br\/samsung\" rel=\"nofollow noopener\" target=\"_blank\">Samsung<\/a>\/Reprodu\u00e7\u00e3o&#13;<\/p>\n<p>Visualmente, os Buds3 FE seguem o estilo do modelo <strong data-end=\"972\">Buds3 Pro<\/strong>, trazendo o novo design com haste e ponteiras intra-auriculares. O acabamento est\u00e1 dispon\u00edvel em duas cores: <strong data-end=\"1099\">preto e cinza<\/strong>. Al\u00e9m disso, os fones s\u00e3o resistentes \u00e0 \u00e1gua e poeira com certifica\u00e7\u00e3o <strong data-end=\"1182\">IP54<\/strong>.<\/p>\n<p>Os Buds3 FE v\u00eam equipados com <strong data-end=\"1341\">drivers din\u00e2micos<\/strong> e contam com <strong data-end=\"1374\">tr\u00eas microfones<\/strong> para garantir a efici\u00eancia do <strong data-end=\"1442\">cancelamento de ru\u00eddo ativo (ANC)<\/strong>. Outro destaque \u00e9 o suporte a <strong>\u00e1udio espacial<\/strong>, trazendo mais imers\u00e3o ao ouvir m\u00fasicas, <a class=\"lib tg-lib\" href=\"https:\/\/www.oficinadanet.com.br\/netflix2018\/23817-os-melhores-filmes-para-assistir-na-netflix-em-2018\" rel=\"nofollow noopener\" target=\"_blank\">filmes<\/a> ou jogos.<\/p>\n<p>            &#13;<br \/>\n                    &#13;<br \/>\n                        &#13;<br \/>\n                        &#13;<br \/>\n                        &#13;<br \/>\n                        &#13;<br \/>\n                        <img decoding=\"async\" loading=\"lazy\" width=\"330\" height=\"94\" src=\"https:\/\/www.europesays.com\/pt\/wp-content\/uploads\/2025\/08\/recurso-samsung-galaxy-buds3-fe.jpg\"  alt=\"Galaxy Buds3 FE. Imagem: Samsung\/Reprodu\u00e7\u00e3o\" title=\"Galaxy Buds3 FE. Imagem: Samsung\/Reprodu\u00e7\u00e3o\"\/>&#13;<br \/>\n                    Galaxy Buds3 FE. Imagem: Samsung\/Reprodu\u00e7\u00e3o&#13;<\/p>\n<p>Para interagir com outros dispositivos, como para conectar com smartphones, os novos fones da Samsung contam com a conectividade <strong data-end=\"1492\">Bluetooth 5.4<\/strong> com suporte aos codecs <strong data-end=\"1559\">AAC, SBC <\/strong>e<strong data-end=\"1559\"> Samsung Seamless Codec (SSC)<\/strong>, al\u00e9m de permitir pareamento com dois dispositivos ao mesmo tempo.<\/p>\n<p>            &#13;<br \/>\n                    &#13;<br \/>\n                        &#13;<br \/>\n                        &#13;<br \/>\n                        &#13;<br \/>\n                        &#13;<br \/>\n                        <img decoding=\"async\" loading=\"lazy\" width=\"330\" height=\"206\" src=\"https:\/\/www.europesays.com\/pt\/wp-content\/uploads\/2025\/08\/fone-galxy-buyds-3fe.jpg\"  alt=\"Galaxy Buds3 FE. Imagem: Samsung\/Reprodu\u00e7\u00e3o\" title=\"Galaxy Buds3 FE. Imagem: Samsung\/Reprodu\u00e7\u00e3o\"\/>&#13;<br \/>\n                    Galaxy Buds3 FE. Imagem: Samsung\/Reprodu\u00e7\u00e3o&#13;<\/p>\n<p>Um dos grandes destaques do Buds3 FE fica por conta da bateria, j\u00e1 que cada um dos fones traz uma bateria individual de <strong>53 mAh<\/strong>, enquanto o estojo possui <strong>515 mAh<\/strong>. De acordo com a Samsung, esse conjunto conta com uma autonomia que chega a <strong>6 horas de reprodu\u00e7\u00e3o com ANC ligado<\/strong> (at\u00e9 24h com o estojo) ou <strong>8,5 horas com ANC desligado<\/strong> (at\u00e9 30h com o estojo). O carregamento \u00e9 feito exclusivamente pelo estojo, atrav\u00e9s da porta <strong>USB-C<\/strong>.<\/p>\n<p>Buds3 FE tamb\u00e9m tem Galaxy AI<\/p>\n<p>Seguindo a tend\u00eancia de integrar IA em seus dispositivos, a Samsung incluiu nos Buds3 FE alguns recursos do <strong data-end=\"1893\">Galaxy AI<\/strong>. Entre eles, o acesso ao <a class=\"lib tg-lib\" href=\"https:\/\/www.oficinadanet.com.br\/google\" rel=\"nofollow noopener\" target=\"_blank\">Google<\/a> <a class=\"lib tg-lib\" href=\"https:\/\/www.oficinadanet.com.br\/gemini\" rel=\"nofollow noopener\" target=\"_blank\">Gemini<\/a>, al\u00e9m de tradu\u00e7\u00e3o <strong data-end=\"2008\">tempo real via Galaxy AI Interpreter<\/strong> e para quem vive perdendo seus fones, eles tamb\u00e9m contam com a fun\u00e7\u00e3o <strong data-end=\"2033\">Find My Earbuds<\/strong>, que serve para localizar os fones com facilidade.<\/p>\n<p>            &#13;<br \/>\n                    &#13;<br \/>\n                        &#13;<br \/>\n                        &#13;<br \/>\n                        &#13;<br \/>\n                        &#13;<br \/>\n                        <img decoding=\"async\" loading=\"lazy\" width=\"330\" height=\"168\" src=\"https:\/\/www.europesays.com\/pt\/wp-content\/uploads\/2025\/08\/galaxy-ai-samsung-galaxy-buds3-fe.jpg\"  alt=\"Buds3 FE tamb\u00e9m tem Galaxy AI. Imagem: Samsung\/Reprodu\u00e7\u00e3o\" title=\"Buds3 FE tamb\u00e9m tem Galaxy AI. Imagem: Samsung\/Reprodu\u00e7\u00e3o\"\/>&#13;<br \/>\n                    Buds3 FE tamb\u00e9m tem Galaxy AI. Imagem: Samsung\/Reprodu\u00e7\u00e3o&#13;<\/p>\n<p>Os controles tamb\u00e9m foram aprimorados, permitindo gestos de <strong data-end=\"2159\">pin\u00e7ar e deslizar<\/strong> para trocar m\u00fasicas, ajustar volume e atender chamadas.<\/p>\n<p>            &#13;<br \/>\n                    &#13;<br \/>\n                        &#13;<br \/>\n                        &#13;<br \/>\n                        &#13;<br \/>\n                        &#13;<br \/>\n                        <img decoding=\"async\" loading=\"lazy\" width=\"330\" height=\"190\" src=\"https:\/\/www.europesays.com\/pt\/wp-content\/uploads\/2025\/08\/galaxy-buyds-3-fe-gestos.jpg\"  alt=\"Fun\u00e7\u00f5es de gestos do Galaxy Buds3 FE. Imagem: Samsung\/Reprodu\u00e7\u00e3o\" title=\"Fun\u00e7\u00f5es de gestos do Galaxy Buds3 FE. Imagem: Samsung\/Reprodu\u00e7\u00e3o\"\/>&#13;<br \/>\n                    Fun\u00e7\u00f5es de gestos do Galaxy Buds3 FE. Imagem: Samsung\/Reprodu\u00e7\u00e3o&#13;<\/p>\n<p>Pre\u00e7o e disponibilidade<\/p>\n<p>Por enquanto, os novos <strong data-end=\"2635\">Galaxy Buds3 FE<\/strong> est\u00e3o dispon\u00edveis apenas em alguns mercados, como nos Estados Unidos e Europa, mas eles devem chegar a outros pa\u00edses em breve, o que inclui o Brasil. Quanto aos valores, eles chegam com pre\u00e7o inicial de <strong data-end=\"2685\">US$ 150 <\/strong>(algo em torno de R$ 815, sem considerar impostos). As entregas come\u00e7am a partir da primeira semana de setembro.<\/p>\n<p><a href=\"https:\/\/www.samsung.com\/us\/mobile-audio\/galaxy-buds3-fe\/\" class=\"tg-link-manual\" rel=\"nofollow  noopener\" target=\"_blank\">Fonte<\/a> | <a href=\"https:\/\/www.gsmarena.com\/samsung_galaxy_buds3_fe_announced_with_spatial_audio_galaxy_ai_and_up_to_30_hours_of_battery_life-news-69092.php\" class=\"tg-link-manual\" rel=\"nofollow  noopener\" target=\"_blank\">Via<\/a><\/p>\n","protected":false},"excerpt":{"rendered":"Mais de um m\u00eas se passou desde o \u00faltimo Galaxy Unpacked, mas a Samsung finalmente oficializou lan\u00e7amento do&hellip;\n","protected":false},"author":2,"featured_media":34688,"comment_status":"","ping_status":"","sticky":false,"template":"","format":"standard","meta":{"footnotes":""},"categories":[84],"tags":[109,107,108,10940,10941,10939,13,32,33,952,105,103,104,106,110],"class_list":{"0":"post-34687","1":"post","2":"type-post","3":"status-publish","4":"format-standard","5":"has-post-thumbnail","7":"category-ciencia-e-tecnologia","8":"tag-ciencia","9":"tag-ciencia-e-tecnologia","10":"tag-cienciaetecnologia","11":"tag-fones-de-ouvido","12":"tag-galaxy-ai","13":"tag-galaxy-buds3-fe","14":"tag-noticias","15":"tag-portugal","16":"tag-pt","17":"tag-samsung","18":"tag-science","19":"tag-science-and-technology","20":"tag-scienceandtechnology","21":"tag-technology","22":"tag-tecnologia"},"share_on_mastodon":{"url":"","error":""},"_links":{"self":[{"href":"https:\/\/www.europesays.com\/pt\/wp-json\/wp\/v2\/posts\/34687","targetHints":{"allow":["GET"]}}],"collection":[{"href":"https:\/\/www.europesays.com\/pt\/wp-json\/wp\/v2\/posts"}],"about":[{"href":"https:\/\/www.europesays.com\/pt\/wp-json\/wp\/v2\/types\/post"}],"author":[{"embeddable":true,"href":"https:\/\/www.europesays.com\/pt\/wp-json\/wp\/v2\/users\/2"}],"replies":[{"embeddable":true,"href":"https:\/\/www.europesays.com\/pt\/wp-json\/wp\/v2\/comments?post=34687"}],"version-history":[{"count":0,"href":"https:\/\/www.europesays.com\/pt\/wp-json\/wp\/v2\/posts\/34687\/revisions"}],"wp:featuredmedia":[{"embeddable":true,"href":"https:\/\/www.europesays.com\/pt\/wp-json\/wp\/v2\/media\/34688"}],"wp:attachment":[{"href":"https:\/\/www.europesays.com\/pt\/wp-json\/wp\/v2\/media?parent=34687"}],"wp:term":[{"taxonomy":"category","embeddable":true,"href":"https:\/\/www.europesays.com\/pt\/wp-json\/wp\/v2\/categories?post=34687"},{"taxonomy":"post_tag","embeddable":true,"href":"https:\/\/www.europesays.com\/pt\/wp-json\/wp\/v2\/tags?post=34687"}],"curies":[{"name":"wp","href":"https:\/\/api.w.org\/{rel}","templated":true}]}}