{"id":34750,"date":"2025-08-18T18:34:20","date_gmt":"2025-08-18T18:34:20","guid":{"rendered":"https:\/\/www.europesays.com\/pt\/34750\/"},"modified":"2025-08-18T18:34:20","modified_gmt":"2025-08-18T18:34:20","slug":"bomba-em-a-protegida-clarice-descobre-que-teresa-e-a-mae-de-jd-e-jorge-o-pai-novelas","status":"publish","type":"post","link":"https:\/\/www.europesays.com\/pt\/34750\/","title":{"rendered":"Bomba em \u00abA Protegida\u00bb: Clarice descobre que Teresa \u00e9 a m\u00e3e de JD e Jorge o pai &#8211; Novelas"},"content":{"rendered":"<p>Em \u00abA Protegida\u00bb, <a href=\"https:\/\/tvi.iol.pt\/novelas\/ator\/clarice-azevedo\/67ac86eed34e3f0bae9a5732\" rel=\"nofollow noopener\" target=\"_blank\">Clarice (Fernanda Serrano)<\/a>\u00a0comenta com <a href=\"https:\/\/tvi.iol.pt\/novelas\/ator\/teresa-vieira\/67ae111cd34ef72ee4423821\" wbo-id=\"51\" rel=\"nofollow noopener\" target=\"_blank\">Teresa (Sandra Faleiro)<\/a>\u00a0que <a href=\"https:\/\/tvi.iol.pt\/novelas\/ator\/laura-vilalobos\/67ac8383d34ef72ee442252e\" rel=\"nofollow noopener\" target=\"_blank\">Laura (Alexandra Lencastre)<\/a>\u00a0deve estar muito feliz. Clarice diz que reparou que Teresa tamb\u00e9m se emocionou e ela disfar\u00e7a dizendo que fica sempre assim quando v\u00ea beb\u00e9s. Clarice v\u00ea Teresa sair para a rua e fica hesitante.<\/p>\n<p>Clarice v\u00ea a porta do quarto de Teresa aberta e finge que \u00e9 a h\u00f3spede do mesmo. Faz queixas sobre a limpeza da \u00faltima vez e a camareira julga que \u00e9 mesmo a h\u00f3spede do quarto. Clarice entra para arranjar a lente de contacto e d\u00e1 5\u20ac \u00e0 camareira para beber um sumo.<\/p>\n<p>Clarice vasculha o quarto de Teresa, pois acha o comportamento dela muito estranho. Tenta entrar no pc, mas est\u00e1 bloqueado e desiste. Depois v\u00ea qualquer coisa a sair do fundo falso de uma gaveta e encontra uma foto de Teresa com <a href=\"https:\/\/tvi.iol.pt\/novelas\/ator\/jose-diogo\/67ac875bd34ef72ee4422589\" rel=\"nofollow noopener\" target=\"_blank\">Jos\u00e9 Diogo (Pedro Sousa)<\/a>\u00a0beb\u00e9. Clarice fica em choque ao perceber que Teresa \u00e9 a m\u00e3e de JD. Teresa v\u00ea Clarice sentada \u00e0 secret\u00e1ria a olhar para a fotografia e gela.<\/p>\n<p>Clarice j\u00e1 sabe que Teresa \u00e9 a m\u00e3e de JD e pergunta-lhe o que quer dele. Teresa assume que o quer recuperar e revela que foi obrigada a d\u00e1-lo para a ado\u00e7\u00e3o pelo pai e a mando de <a href=\"https:\/\/tvi.iol.pt\/novelas\/ator\/jorge-azevedo\/67ac8611d34e3f0bae9a5724\" rel=\"nofollow noopener\" target=\"_blank\">Jorge (Paulo Pires)<\/a>, que \u00e9 o pai biol\u00f3gico de JD.\u00a0 Clarice n\u00e3o quer acreditar no que Teresa lhe conta, mas ela garante que \u00e9 verdade. Teresa diz que Jorge a seduziu e s\u00f3 descobriu que ele era casado, depois de irem para a cama. Teresa diz que era muito ing\u00e9nua e tinha apenas 15 anos. Recorda esse momento e afirma que Jorge nunca foi fiel a ningu\u00e9m, a n\u00e3o ser a ele pr\u00f3prio. Clarice fica destro\u00e7ada.<\/p>\n<p>Pai de Teresa vai com ela at\u00e9 \u00e0 f\u00e1brica, para falar com Jorge e tratarem do aborto. Eles saem e deixam Teresa ali sozinha \u00e0 espera, em p\u00e2nico.\u00a0<\/p>\n<p>Clarice sai do quarto de Teresa desnorteada e liga a Jorge, mas ele n\u00e3o atende. Clarice liga a <a href=\"https:\/\/tvi.iol.pt\/novelas\/ator\/oscar-vieira\/67ae0f71d34ef72ee4423801\" rel=\"nofollow noopener\" target=\"_blank\">\u00d3scar (Joaquim Horta)<\/a> para desmarcar o jantar, pois aconteceu um imprevisto.<\/p>\n<p>Clarice est\u00e1 na cama pensativa. Recebe uma mensagem de Jorge a perguntar-lhe como correu o jantar com \u00d3scar, mas n\u00e3o responde e volta para os seus pensamentos. Clarice lembra-se de quando Jorge lhe contou que se tinha envolvido com uma mi\u00fada e agora sabe que tiveram um filho. Teresa liga-lhe, mas Clarice atira o telem\u00f3vel para longe.\u00a0 Clarice recorda o momento em que Jorge lhe contou que a tinha tra\u00eddo com uma mi\u00fada. Clarice fica muito zangada, mas acaba por perdo\u00e1-lo e beijam-se.<\/p>\n","protected":false},"excerpt":{"rendered":"Em \u00abA Protegida\u00bb, Clarice (Fernanda Serrano)\u00a0comenta com Teresa (Sandra Faleiro)\u00a0que Laura (Alexandra Lencastre)\u00a0deve estar muito feliz. Clarice diz&hellip;\n","protected":false},"author":2,"featured_media":34751,"comment_status":"","ping_status":"","sticky":false,"template":"","format":"standard","meta":{"footnotes":""},"categories":[142],"tags":[168,160,7591,166,114,115,1408,157,167,886,2909,164,161,158,165,159,32,33,156,2906,2908,163,151,162],"class_list":{"0":"post-34750","1":"post","2":"type-post","3":"status-publish","4":"format-standard","5":"has-post-thumbnail","7":"category-tv","8":"tag-a-protegida","9":"tag-ana-guiomar","10":"tag-clarice","11":"tag-cristina-ferreira","12":"tag-entertainment","13":"tag-entretenimento","14":"tag-fernanda-serrano","15":"tag-festa-e-festa","16":"tag-ficcao","17":"tag-jorge","18":"tag-jose-diogo","19":"tag-jose-fidalgo","20":"tag-novelas","21":"tag-para-sempre","22":"tag-pedro-sousa","23":"tag-pedro-teixeira","24":"tag-portugal","25":"tag-pt","26":"tag-queridos-papas","27":"tag-sandra-faleiro","28":"tag-teresa","29":"tag-tiago-teotonio-pereira","30":"tag-tv","31":"tag-tvi"},"share_on_mastodon":{"url":"","error":""},"_links":{"self":[{"href":"https:\/\/www.europesays.com\/pt\/wp-json\/wp\/v2\/posts\/34750","targetHints":{"allow":["GET"]}}],"collection":[{"href":"https:\/\/www.europesays.com\/pt\/wp-json\/wp\/v2\/posts"}],"about":[{"href":"https:\/\/www.europesays.com\/pt\/wp-json\/wp\/v2\/types\/post"}],"author":[{"embeddable":true,"href":"https:\/\/www.europesays.com\/pt\/wp-json\/wp\/v2\/users\/2"}],"replies":[{"embeddable":true,"href":"https:\/\/www.europesays.com\/pt\/wp-json\/wp\/v2\/comments?post=34750"}],"version-history":[{"count":0,"href":"https:\/\/www.europesays.com\/pt\/wp-json\/wp\/v2\/posts\/34750\/revisions"}],"wp:featuredmedia":[{"embeddable":true,"href":"https:\/\/www.europesays.com\/pt\/wp-json\/wp\/v2\/media\/34751"}],"wp:attachment":[{"href":"https:\/\/www.europesays.com\/pt\/wp-json\/wp\/v2\/media?parent=34750"}],"wp:term":[{"taxonomy":"category","embeddable":true,"href":"https:\/\/www.europesays.com\/pt\/wp-json\/wp\/v2\/categories?post=34750"},{"taxonomy":"post_tag","embeddable":true,"href":"https:\/\/www.europesays.com\/pt\/wp-json\/wp\/v2\/tags?post=34750"}],"curies":[{"name":"wp","href":"https:\/\/api.w.org\/{rel}","templated":true}]}}