{"id":347533,"date":"2026-04-18T04:20:20","date_gmt":"2026-04-18T04:20:20","guid":{"rendered":"https:\/\/www.europesays.com\/pt\/347533\/"},"modified":"2026-04-18T04:20:20","modified_gmt":"2026-04-18T04:20:20","slug":"altice-vai-vender-sfr-a-concorrentes-por-2035-mil-milhoes-observador","status":"publish","type":"post","link":"https:\/\/www.europesays.com\/pt\/347533\/","title":{"rendered":"Altice vai vender SFR a concorrentes por 20,35 mil milh\u00f5es \u2013 Observador"},"content":{"rendered":"<p>A Altice entrou em <a href=\"https:\/\/static.s-sfr.fr\/AlticeFrance\/communiques\/communiques-nationaux\/20260417-cp-bouygues-telecom-free-iliad-orange-altice-france-sfr.pdf\" rel=\"nofollow noopener\" target=\"_blank\">negocia\u00e7\u00f5es exclusivas<\/a> com a Bouygues Telecom, a Iliad (Free) e a Orange para a venda da sua operadora francesa SFR por 20,35 mil milh\u00f5es de euros. O mesmo \u00e9 dizer que Patrick\u00a0Drahi aceita o valor posto em cima da mesa, anunciou a Altice.<\/p>\n<p>O acordo abrange a maioria dos ativos da Altice France. As negocia\u00e7\u00f5es decorrer\u00e3o at\u00e9 15 de maio, data limite para finalizar os termos da transa\u00e7\u00e3o.<\/p>\n<p>A SFR seria, assim, repartida, ficando 42% para a Bouygues Telecom, 31\u00a0% para a Iliad e 27\u00a0% para a Orange, os tr\u00eas operadores concorrentes da Altice em Fran\u00e7a.<\/p>\n<p>A primeira oferta, de 17 mil milh\u00f5es de euros, foi rejeitada por Patrick Drahi.<\/p>\n<p>A Altice \u00e9 dona da Meo, em Portugal, e tamb\u00e9m chegou a colocar este ativo \u00e0 venda, mas nunca conseguiu o valor pretendido. A SFR era, no entanto, o principal ativo do grupo de Patrick Drahi.<\/p>\n","protected":false},"excerpt":{"rendered":"A Altice entrou em negocia\u00e7\u00f5es exclusivas com a Bouygues Telecom, a Iliad (Free) e a Orange para a&hellip;\n","protected":false},"author":2,"featured_media":347534,"comment_status":"","ping_status":"","sticky":false,"template":"","format":"standard","meta":{"footnotes":"","_share_on_mastodon":"0"},"categories":[83],"tags":[7086,88,476,89,90,8657,32,33,110,3270],"class_list":["post-347533","post","type-post","status-publish","format-standard","has-post-thumbnail","category-empresas","tag-altice","tag-business","tag-economia","tag-economy","tag-empresas","tag-meo","tag-portugal","tag-pt","tag-tecnologia","tag-telecomunicau00e7u00f5es"],"share_on_mastodon":{"url":"https:\/\/pubeurope.com\/@pt\/116423794630194624","error":""},"_links":{"self":[{"href":"https:\/\/www.europesays.com\/pt\/wp-json\/wp\/v2\/posts\/347533","targetHints":{"allow":["GET"]}}],"collection":[{"href":"https:\/\/www.europesays.com\/pt\/wp-json\/wp\/v2\/posts"}],"about":[{"href":"https:\/\/www.europesays.com\/pt\/wp-json\/wp\/v2\/types\/post"}],"author":[{"embeddable":true,"href":"https:\/\/www.europesays.com\/pt\/wp-json\/wp\/v2\/users\/2"}],"replies":[{"embeddable":true,"href":"https:\/\/www.europesays.com\/pt\/wp-json\/wp\/v2\/comments?post=347533"}],"version-history":[{"count":0,"href":"https:\/\/www.europesays.com\/pt\/wp-json\/wp\/v2\/posts\/347533\/revisions"}],"wp:featuredmedia":[{"embeddable":true,"href":"https:\/\/www.europesays.com\/pt\/wp-json\/wp\/v2\/media\/347534"}],"wp:attachment":[{"href":"https:\/\/www.europesays.com\/pt\/wp-json\/wp\/v2\/media?parent=347533"}],"wp:term":[{"taxonomy":"category","embeddable":true,"href":"https:\/\/www.europesays.com\/pt\/wp-json\/wp\/v2\/categories?post=347533"},{"taxonomy":"post_tag","embeddable":true,"href":"https:\/\/www.europesays.com\/pt\/wp-json\/wp\/v2\/tags?post=347533"}],"curies":[{"name":"wp","href":"https:\/\/api.w.org\/{rel}","templated":true}]}}