{"id":34782,"date":"2025-08-18T18:57:17","date_gmt":"2025-08-18T18:57:17","guid":{"rendered":"https:\/\/www.europesays.com\/pt\/34782\/"},"modified":"2025-08-18T18:57:17","modified_gmt":"2025-08-18T18:57:17","slug":"familia-de-teresa-caeiro-pede-contencao-e-respeito-pela-memoria-de-ex-deputada","status":"publish","type":"post","link":"https:\/\/www.europesays.com\/pt\/34782\/","title":{"rendered":"Fam\u00edlia de Teresa Caeiro pede &#8220;conten\u00e7\u00e3o e respeito&#8221; pela mem\u00f3ria de ex-deputada"},"content":{"rendered":"<p>A fam\u00edlia da ex-deputada Teresa Caeiro, que morreu na passada quarta-feira, pede &#8220;respeito, conten\u00e7\u00e3o e que a sua mem\u00f3ria seja honrada&#8221;. Num comunicado enviado ao Expresso, a fam\u00edlia &#8220;<strong>lamenta profundamente e repudia os rumores e falsidades que circulam sobre a sua vida pessoal e \u00edntima<\/strong>&#8220;.<\/p>\n<p>O comunicado \u00e9 motivado pelos imensas publica\u00e7\u00f5es nas redes sociais com refer\u00eancias \u00e0 vida privada da antiga deputada e tamb\u00e9m ex-vice-presidente da Assembleia da Rep\u00fablica e ex-secret\u00e1ria de Estado da Seguran\u00e7a Social e das Artes. E sobretudo pela repercuss\u00e3o p\u00fablica que teve um artigo escrito por um diretor-geral adjunto do &#8220;Correio da Manh\u00e3&#8221; que sugere que a antiga dirigente do CDS foi, h\u00e1 anos, v\u00edtima de viol\u00eancia dom\u00e9stica.<\/p>\n<p>&#8220;A fam\u00edlia pede, neste momento, <strong>respeito, conten\u00e7\u00e3o e que a sua mem\u00f3ria seja honrada<\/strong>&#8220;, apelam, agora, os familiares de Teresa Caeiro, que incluem o filho, a irm\u00e3 e os pais. <\/p>\n<p>Com 56 anos, Teresa Caeiro trabalhava atualmente na Santa Casa da Miseric\u00f3rdia de Lisboa, depois de ter exercido v\u00e1rios cargos pol\u00edticos, que inclu\u00edram lugares de dirigente do CDS, onde come\u00e7ou por ser assessora jur\u00eddica, e o lugar de governadora civil de Lisboa.  <\/p>\n","protected":false},"excerpt":{"rendered":"A fam\u00edlia da ex-deputada Teresa Caeiro, que morreu na passada quarta-feira, pede &#8220;respeito, conten\u00e7\u00e3o e que a sua&hellip;\n","protected":false},"author":2,"featured_media":34783,"comment_status":"","ping_status":"","sticky":false,"template":"","format":"standard","meta":{"footnotes":""},"categories":[10],"tags":[27,28,15,16,14,25,26,21,22,12,13,19,20,32,23,24,33,17,18,29,30,31],"class_list":{"0":"post-34782","1":"post","2":"type-post","3":"status-publish","4":"format-standard","5":"has-post-thumbnail","7":"category-portugal","8":"tag-breaking-news","9":"tag-breakingnews","10":"tag-featured-news","11":"tag-featurednews","12":"tag-headlines","13":"tag-latest-news","14":"tag-latestnews","15":"tag-main-news","16":"tag-mainnews","17":"tag-news","18":"tag-noticias","19":"tag-noticias-principais","20":"tag-noticiasprincipais","21":"tag-portugal","22":"tag-principais-noticias","23":"tag-principaisnoticias","24":"tag-pt","25":"tag-top-stories","26":"tag-topstories","27":"tag-ultimas","28":"tag-ultimas-noticias","29":"tag-ultimasnoticias"},"share_on_mastodon":{"url":"","error":""},"_links":{"self":[{"href":"https:\/\/www.europesays.com\/pt\/wp-json\/wp\/v2\/posts\/34782","targetHints":{"allow":["GET"]}}],"collection":[{"href":"https:\/\/www.europesays.com\/pt\/wp-json\/wp\/v2\/posts"}],"about":[{"href":"https:\/\/www.europesays.com\/pt\/wp-json\/wp\/v2\/types\/post"}],"author":[{"embeddable":true,"href":"https:\/\/www.europesays.com\/pt\/wp-json\/wp\/v2\/users\/2"}],"replies":[{"embeddable":true,"href":"https:\/\/www.europesays.com\/pt\/wp-json\/wp\/v2\/comments?post=34782"}],"version-history":[{"count":0,"href":"https:\/\/www.europesays.com\/pt\/wp-json\/wp\/v2\/posts\/34782\/revisions"}],"wp:featuredmedia":[{"embeddable":true,"href":"https:\/\/www.europesays.com\/pt\/wp-json\/wp\/v2\/media\/34783"}],"wp:attachment":[{"href":"https:\/\/www.europesays.com\/pt\/wp-json\/wp\/v2\/media?parent=34782"}],"wp:term":[{"taxonomy":"category","embeddable":true,"href":"https:\/\/www.europesays.com\/pt\/wp-json\/wp\/v2\/categories?post=34782"},{"taxonomy":"post_tag","embeddable":true,"href":"https:\/\/www.europesays.com\/pt\/wp-json\/wp\/v2\/tags?post=34782"}],"curies":[{"name":"wp","href":"https:\/\/api.w.org\/{rel}","templated":true}]}}