{"id":34805,"date":"2025-08-18T19:15:39","date_gmt":"2025-08-18T19:15:39","guid":{"rendered":"https:\/\/www.europesays.com\/pt\/34805\/"},"modified":"2025-08-18T19:15:39","modified_gmt":"2025-08-18T19:15:39","slug":"feira-do-livro-de-coimbra-esta-de-regresso-e-inscricao-de-expositores-ja-esta-em-curso-coimbra-pt","status":"publish","type":"post","link":"https:\/\/www.europesays.com\/pt\/34805\/","title":{"rendered":"Feira do Livro de Coimbra est\u00e1 de regresso e inscri\u00e7\u00e3o de expositores j\u00e1 est\u00e1 em curso \u2014 coimbra.pt"},"content":{"rendered":"<p>A Baixa de Coimbra prepara-se para voltar a acolher a Feira do Livro de Coimbra, de 20 a 29 de junho, das 11h00 \u00e0s 23h00, todos os dias (durante a semana e fim de semana). Um evento-\u00e2ncora da cidade de Coimbra, que conjuga a promo\u00e7\u00e3o do livro e da leitura com uma programa\u00e7\u00e3o diferenciadora e transformadora do territ\u00f3rio, dirigida a todos os p\u00fablicos. Com eixos program\u00e1ticos a decorrer em v\u00e1rios espa\u00e7os da Baixa de Coimbra, a Pra\u00e7a do Com\u00e9rcio vai ser o espa\u00e7o privilegiado a ocupar pelos expositores, representantes de editoras, livrarias, alfarrabistas e projetos editoriais.<\/p>\n<p>\u00a0<\/p>\n<p>As\u00a0<a href=\"https:\/\/www.coimbra.pt\/wp-content\/uploads\/2025\/01\/Feira-do-Livro-de-Coimbra-2025-Guia-do-Participante-2.pdf\" rel=\"nofollow noopener\" target=\"_blank\">normas de participa\u00e7\u00e3o da edi\u00e7\u00e3o 2025 da Feira do Livro de Coimbra<\/a>\u00a0est\u00e3o dispon\u00edveis para consulta no website da C\u00e2mara Municipal de Coimbra. As inscri\u00e7\u00f5es para participa\u00e7\u00e3o nos expositores s\u00e3o feitas atrav\u00e9s de preenchimento de\u00a0<a href=\"https:\/\/www.cm-coimbra.pt\/wp-content\/uploads\/2025\/01\/Ficha-de-Participacao-Feira-do-Livro-de-Coimbra-2025.pdf\" rel=\"nofollow noopener\" target=\"_blank\">formul\u00e1rio dispon\u00edvel no site da C\u00e2mara Municipal de Coimbra<\/a>, o qual dever\u00e1 ser devolvido atrav\u00e9s do endere\u00e7o de e-mail\u00a0<a href=\"https:\/\/www.coimbra.pt\/2025\/01\/feira-do-livro-de-coimbra-esta-de-regresso-e-inscricao-de-expositores-ja-esta-em-curso\/mailto:dct@cm-coimbra.pt\" rel=\"nofollow noopener\" target=\"_blank\">dct@cm-coimbra.pt<\/a>, at\u00e9 dia 14 de fevereiro. A participa\u00e7\u00e3o ser\u00e1 confirmada pela organiza\u00e7\u00e3o no final do per\u00edodo das inscri\u00e7\u00f5es.<\/p>\n<p>\u00a0<\/p>\n<p>Quaisquer informa\u00e7\u00f5es adicionais poder\u00e3o ser obtidas atrav\u00e9s do telefone n\u00ba 239\u00a0857 507 (Divis\u00e3o de Cultura do Departamento de Cultura e Turismo da CM de Coimbra).<\/p>\n<p>\u00a0<\/p>\n<p><a href=\"https:\/\/www.coimbra.pt\/wp-content\/uploads\/2025\/01\/Feira-do-Livro-de-Coimbra-2025-Guia-do-Participante-2.pdf\" rel=\"nofollow noopener\" target=\"_blank\"><strong>Guia do Participante \u2013 Feira do Livro 2025<\/strong><\/a><\/p>\n","protected":false},"excerpt":{"rendered":"A Baixa de Coimbra prepara-se para voltar a acolher a Feira do Livro de Coimbra, de 20 a&hellip;\n","protected":false},"author":2,"featured_media":34806,"comment_status":"","ping_status":"","sticky":false,"template":"","format":"standard","meta":{"footnotes":""},"categories":[143],"tags":[169,114,115,170,32,33],"class_list":{"0":"post-34805","1":"post","2":"type-post","3":"status-publish","4":"format-standard","5":"has-post-thumbnail","7":"category-livros","8":"tag-books","9":"tag-entertainment","10":"tag-entretenimento","11":"tag-livros","12":"tag-portugal","13":"tag-pt"},"share_on_mastodon":{"url":"","error":""},"_links":{"self":[{"href":"https:\/\/www.europesays.com\/pt\/wp-json\/wp\/v2\/posts\/34805","targetHints":{"allow":["GET"]}}],"collection":[{"href":"https:\/\/www.europesays.com\/pt\/wp-json\/wp\/v2\/posts"}],"about":[{"href":"https:\/\/www.europesays.com\/pt\/wp-json\/wp\/v2\/types\/post"}],"author":[{"embeddable":true,"href":"https:\/\/www.europesays.com\/pt\/wp-json\/wp\/v2\/users\/2"}],"replies":[{"embeddable":true,"href":"https:\/\/www.europesays.com\/pt\/wp-json\/wp\/v2\/comments?post=34805"}],"version-history":[{"count":0,"href":"https:\/\/www.europesays.com\/pt\/wp-json\/wp\/v2\/posts\/34805\/revisions"}],"wp:featuredmedia":[{"embeddable":true,"href":"https:\/\/www.europesays.com\/pt\/wp-json\/wp\/v2\/media\/34806"}],"wp:attachment":[{"href":"https:\/\/www.europesays.com\/pt\/wp-json\/wp\/v2\/media?parent=34805"}],"wp:term":[{"taxonomy":"category","embeddable":true,"href":"https:\/\/www.europesays.com\/pt\/wp-json\/wp\/v2\/categories?post=34805"},{"taxonomy":"post_tag","embeddable":true,"href":"https:\/\/www.europesays.com\/pt\/wp-json\/wp\/v2\/tags?post=34805"}],"curies":[{"name":"wp","href":"https:\/\/api.w.org\/{rel}","templated":true}]}}