{"id":348396,"date":"2026-04-18T21:27:10","date_gmt":"2026-04-18T21:27:10","guid":{"rendered":"https:\/\/www.europesays.com\/pt\/348396\/"},"modified":"2026-04-18T21:27:10","modified_gmt":"2026-04-18T21:27:10","slug":"atriz-rejeitada-em-homem-do-amanha-sugere-novo-papel-no-dcu","status":"publish","type":"post","link":"https:\/\/www.europesays.com\/pt\/348396\/","title":{"rendered":"Atriz rejeitada em Homem do Amanh\u00e3 sugere novo papel no DCU"},"content":{"rendered":"<p class=\"wp-block-yoast-seo-estimated-reading-time yoast-reading-time__wrapper\">Estimated reading time: 2 minutos<\/p>\n<p>A atriz <strong>Eva De Dominici<\/strong> (A Faxineira) indicou recentemente que pode ter garantido um papel in\u00e9dito no <a href=\"https:\/\/ovicio.com.br\/tag\/dc-studios\/\" rel=\"nofollow noopener\" target=\"_blank\">DCU<\/a>.<\/p>\n<p>Durante uma entrevista ao programa Antes que nadie, da emissora argentina Luzu TV, a artista desconversou sobre os rumores, mas deixou um forte ind\u00edcio no ar.<\/p>\n<p><strong>&#8220;N\u00e3o posso falar sobre a DC, mas eles v\u00e3o come\u00e7ar a anunciar os atores que participar\u00e3o em breve&#8221;<\/strong>, declarou.<\/p>\n<p>Vale lembrar que a estrela estava na disputa para integrar o elenco de <a href=\"https:\/\/ovicio.com.br\/tag\/homem-do-amanha\/\" rel=\"nofollow noopener\" target=\"_blank\">Homem do Amanh\u00e3<\/a>, a aguardada continua\u00e7\u00e3o do filme <a href=\"https:\/\/ovicio.com.br\/tag\/superman\/\" rel=\"nofollow noopener\" target=\"_blank\">Superman<\/a>.<\/p>\n<p>No entanto, a cobi\u00e7ada vaga no projeto acabou ficando com a atriz <strong>Adria Arjona<\/strong> (Assassino por Acaso).<\/p>\n<p>Atualmente, h\u00e1 uma forte indefini\u00e7\u00e3o na imprensa norte-americana se essa personagem misteriosa seria a vil\u00e3 alien\u00edgena <strong>Maxima<\/strong> ou a hero\u00edna <strong>Mulher-Maravilha<\/strong>, uma das fundadoras da Liga da Justi\u00e7a.<\/p>\n<p>Apesar da recusa inicial, nem tudo parece perdido para uma futura oportunidade na franquia de super-her\u00f3is.<\/p>\n<p>O diretor <strong>James Gunn<\/strong> possui o conhecido h\u00e1bito nos bastidores de reaproveitar em novos pap\u00e9is os atores que n\u00e3o foram aprovados em testes anteriores.<\/p>\n<p>O ator <strong>Nicholas Hoult<\/strong> (Mad Max: Estrada da F\u00faria), por exemplo, fez os testes originais para interpretar o pr\u00f3prio <strong>Superman<\/strong>.<\/p>\n<p>Ap\u00f3s perder a vaga do her\u00f3i titular para <strong>David Corenswet<\/strong> (Pearl), ele acabou sendo oficialmente escalado como o grande vil\u00e3o <strong>Lex Luthor<\/strong>.<\/p>\n<p>O universo compartilhado de her\u00f3is est\u00e1 passando por uma reformula\u00e7\u00e3o completa para os cinemas sob o comando criativo de Gunn, o atual copresidente da <strong>DC Studios<\/strong>.<\/p>\n<p>O longa-metragem <strong>Homem do Amanh\u00e3<\/strong> iniciar\u00e1 a sua produ\u00e7\u00e3o oficial nos pr\u00f3ximos dias.<\/p>\n<p id=\"p-rc_ae945dac9b3215e2-37\">A superprodu\u00e7\u00e3o tem a sua estreia agendada para chegar aos cinemas do Brasil no dia 8 de julho de 2027.<\/p>\n<p>Leia tamb\u00e9m sobre Homem do Amanh\u00e3:<\/p>\n","protected":false},"excerpt":{"rendered":"Estimated reading time: 2 minutos A atriz Eva De Dominici (A Faxineira) indicou recentemente que pode ter garantido&hellip;\n","protected":false},"author":2,"featured_media":348397,"comment_status":"","ping_status":"","sticky":false,"template":"","format":"standard","meta":{"footnotes":"","_share_on_mastodon":"0"},"categories":[140],"tags":[5708,2945,7319,12237,114,115,59759,147,148,16366,146,32,33,1248],"class_list":["post-348396","post","type-post","status-publish","format-standard","has-post-thumbnail","category-filmes","tag-adria-arjona","tag-dc","tag-dc-studios","tag-dcu","tag-entertainment","tag-entretenimento","tag-eva-de-dominici","tag-film","tag-filmes","tag-homem-do-amanha","tag-movies","tag-portugal","tag-pt","tag-superman"],"share_on_mastodon":{"url":"https:\/\/pubeurope.com\/@pt\/116427833086877884","error":""},"_links":{"self":[{"href":"https:\/\/www.europesays.com\/pt\/wp-json\/wp\/v2\/posts\/348396","targetHints":{"allow":["GET"]}}],"collection":[{"href":"https:\/\/www.europesays.com\/pt\/wp-json\/wp\/v2\/posts"}],"about":[{"href":"https:\/\/www.europesays.com\/pt\/wp-json\/wp\/v2\/types\/post"}],"author":[{"embeddable":true,"href":"https:\/\/www.europesays.com\/pt\/wp-json\/wp\/v2\/users\/2"}],"replies":[{"embeddable":true,"href":"https:\/\/www.europesays.com\/pt\/wp-json\/wp\/v2\/comments?post=348396"}],"version-history":[{"count":0,"href":"https:\/\/www.europesays.com\/pt\/wp-json\/wp\/v2\/posts\/348396\/revisions"}],"wp:featuredmedia":[{"embeddable":true,"href":"https:\/\/www.europesays.com\/pt\/wp-json\/wp\/v2\/media\/348397"}],"wp:attachment":[{"href":"https:\/\/www.europesays.com\/pt\/wp-json\/wp\/v2\/media?parent=348396"}],"wp:term":[{"taxonomy":"category","embeddable":true,"href":"https:\/\/www.europesays.com\/pt\/wp-json\/wp\/v2\/categories?post=348396"},{"taxonomy":"post_tag","embeddable":true,"href":"https:\/\/www.europesays.com\/pt\/wp-json\/wp\/v2\/tags?post=348396"}],"curies":[{"name":"wp","href":"https:\/\/api.w.org\/{rel}","templated":true}]}}