{"id":34914,"date":"2025-08-18T20:41:09","date_gmt":"2025-08-18T20:41:09","guid":{"rendered":"https:\/\/www.europesays.com\/pt\/34914\/"},"modified":"2025-08-18T20:41:09","modified_gmt":"2025-08-18T20:41:09","slug":"o-dia-em-que-dave-mustaine-lider-do-megadeth-assumiu-eu-falo-demais","status":"publish","type":"post","link":"https:\/\/www.europesays.com\/pt\/34914\/","title":{"rendered":"O dia em que Dave Mustaine, l\u00edder do Megadeth, assumiu: &#8220;Eu falo demais&#8221;"},"content":{"rendered":"<p>Se voc\u00ea gosta de heavy metal, certamente j\u00e1 ouviu o nome de <a href=\"https:\/\/whiplash.net\/bandas\/d\/davemustaine.html\" class=\"hotwords\" rel=\"nofollow noopener\" target=\"_blank\">Dave Mustaine<\/a> em algum momento de sua jornada pelo universo da m\u00fasica pesada. Nascido na Calif\u00f3rnia em setembro de 1961, ele \u00e9 guitarrista, vocalista, principal compositor e l\u00edder absoluto do <a href=\"https:\/\/whiplash.net\/bandas\/m\/megadeth.html\" class=\"hotwords\" rel=\"nofollow noopener\" target=\"_blank\">Megadeth<\/a>.<\/p>\n<p><a href=\"https:\/\/whiplash.net\/bandas\/m\/megadeth.html\" class=\"linkBotao\" rel=\"nofollow noopener\" target=\"_blank\">Megadeth &#8211; Mais Novidades<\/a><br \/><a target=\"_blank\" href=\"https:\/\/www.europesays.com\/pt\/wp-content\/uploads\/2025\/08\/megadeth_mustaine_hands.jpg\"><img loading=\"lazy\" decoding=\"async\" src=\"https:\/\/www.europesays.com\/pt\/wp-content\/uploads\/2025\/08\/megadeth_mustaine_hands.jpg\" class=\"widthConstrained\" width=\"700\" height=\"509\" alt=\"Foto: Site Oficial - Michael Johanson\"\/><\/a>Foto: Site Oficial &#8211; Michael Johanson<\/p>\n<p>Reconhecido mundialmente por seu talento, Mustaine comanda a banda desde sua funda\u00e7\u00e3o. Ao longo de mais de quatro d\u00e9cadas de carreira, realizou apresenta\u00e7\u00f5es em v\u00e1rios pa\u00edses do globo terrestre e comp\u00f4s m\u00fasicas que se tornaram cl\u00e1ssicos incontest\u00e1veis, como &#8220;Peace Sells&#8221;, &#8220;Holy Wars\u2026 the Punishment Due&#8221;, &#8220;Symphony of Destruction&#8221;, &#8220;A Tout Le Monde&#8221; e &#8220;Trust&#8221;.<\/p>\n<p>CONTINUA DEPOIS DA PUBLICIDADE &#8211; CLI<\/p>\n<p>&#13;<br \/>\n&#13;<br \/>\n&#13;<br \/>\n&#13;<br \/>\n&#13;<br \/>\n&#13;<br \/>\n&#13;<br \/>\n&#13;<br \/>\n<a href=\"https:\/\/whiplash.net\/materias\/whiplash\/027002.html\" rel=\"nofollow noopener\" target=\"_blank\"><img decoding=\"async\" src=\"https:\/\/www.europesays.com\/pt\/wp-content\/uploads\/2025\/08\/1755482107_347_anunciar_diabo_336x280.gif\" loading=\"lazy\" width=\"336\" height=\"280\" class=\"widthConstrained\" style=\"background-color:#000000;display:block;\" alt=\"Anunciar bandas e shows de Rock e Heavy Metal\"\/><\/a>&#13;<\/p>\n<p>N\u00e3o \u00e9 apenas por suas m\u00fasicas que Mustaine se tornou famoso. Dono de uma l\u00edngua afiada, <a href=\"https:\/\/whiplash.net\/materias\/news_680\/371932-megadeth.html\" rel=\"nofollow noopener\" target=\"_blank\">ele tamb\u00e9m ganhou notoriedade por falar um pouco mais que o recomend\u00e1vel<\/a>. O pr\u00f3prio m\u00fasico reconheceu esse tra\u00e7o em entrevista concedida \u00e0 <a href=\"https:\/\/www.loudersound.com\/features\/megadeth-super-collider-album-interview-2013\" rel=\"nofollow noopener\" target=\"_blank\">Metal Hammer<\/a>, em 2013.<\/p>\n<p>Na ocasi\u00e3o, o jornalista Ben Myers destacou que a disposi\u00e7\u00e3o do m\u00fasico em abordar temas delicados, como pol\u00edtica e religi\u00e3o, \u00e9 um dos fatores que despertam interesse em suas entrevistas. Mustaine concordou e explicou por que costuma se expressar de forma t\u00e3o direta.<\/p>\n<p>CONTINUA DEPOIS DA PUBLICIDADE &#8211; GOO<\/p>\n<p>&#13;<br \/>\n&#13;<br \/>\n&#13;<br \/>\n&#13;<br \/>\n<a href=\"https:\/\/whiplash.net\/materias\/whiplash\/027002.html\" rel=\"nofollow noopener\" target=\"_blank\"><img decoding=\"async\" src=\"https:\/\/www.europesays.com\/pt\/wp-content\/uploads\/2025\/08\/1755482107_347_anunciar_diabo_336x280.gif\" loading=\"lazy\" width=\"336\" height=\"280\" alt=\"Anunciar no Whiplash.Net\"\/><\/a>&#13;<br \/>\n&#13;<br \/>\n&#13;<br \/>\n&#13;<br \/>\n&#13;<br \/>\n&#13;<br \/>\n<a href=\"https:\/\/whiplash.net\/materias\/whiplash\/027002.html\" rel=\"nofollow noopener\" target=\"_blank\"><img decoding=\"async\" src=\"https:\/\/www.europesays.com\/pt\/wp-content\/uploads\/2025\/08\/1755482107_347_anunciar_diabo_336x280.gif\" loading=\"lazy\" width=\"336\" height=\"280\" class=\"widthConstrained\" style=\"background-color:#000000;display:block;\" alt=\"Anunciar bandas e shows de Rock e Heavy Metal\"\/><\/a>&#13;<\/p>\n<p>&#8220;Esse provavelmente \u00e9 um dos meus maiores problemas tamb\u00e9m. Eu falo demais. Mas quando voc\u00ea ama algu\u00e9m, voc\u00ea quer compartilhar coisas, e eu sinto que tenho um \u00f3timo relacionamento cont\u00ednuo com a base de f\u00e3s do Megadeth. Tudo o que aconteceu comigo e na minha vida, eu compartilhei, e as pessoas provavelmente respeitam isso porque, comigo, o que voc\u00ea v\u00ea \u00e9 o que voc\u00ea tem. Eu n\u00e3o consigo me vestir como algo que n\u00e3o sou.&#8221;<\/p>\n<p>A grandiosa e intensa trajet\u00f3ria musical de <a href=\"https:\/\/whiplash.net\/bandas\/d\/davemustaine.html\" class=\"hotwords\" rel=\"nofollow noopener\" target=\"_blank\">Dave Mustaine<\/a> parece se aproximar do cap\u00edtulo final, ao menos no que diz respeito ao <a href=\"https:\/\/whiplash.net\/bandas\/m\/megadeth.html\" class=\"hotwords\" rel=\"nofollow noopener\" target=\"_blank\">Megadeth<\/a>. Recentemente, a banda anunciou sua turn\u00ea de despedida e a grava\u00e7\u00e3o de seu \u00faltimo \u00e1lbum de est\u00fadio. Mais detalhes podem ser conferidos no link abaixo.<\/p>\n<p>CONTINUA DEPOIS DA PUBLICIDADE &#8211; CLI<\/p>\n<p>&#13;<br \/>\n&#13;<br \/>\n&#13;<br \/>\n&#13;<br \/>\n&#13;<br \/>\n&#13;<br \/>\n&#13;<br \/>\n&#13;<br \/>\n<a href=\"https:\/\/whiplash.net\/materias\/whiplash\/027002.html\" rel=\"nofollow noopener\" target=\"_blank\"><img decoding=\"async\" src=\"https:\/\/www.europesays.com\/pt\/wp-content\/uploads\/2025\/08\/1755482107_347_anunciar_diabo_336x280.gif\" loading=\"lazy\" width=\"336\" height=\"280\" class=\"widthConstrained\" style=\"background-color:#000000;display:block;\" alt=\"Anunciar bandas e shows de Rock e Heavy Metal\"\/><\/a>&#13;<\/p>\n","protected":false},"excerpt":{"rendered":"Se voc\u00ea gosta de heavy metal, certamente j\u00e1 ouviu o nome de Dave Mustaine em algum momento de&hellip;\n","protected":false},"author":2,"featured_media":34915,"comment_status":"","ping_status":"","sticky":false,"template":"","format":"standard","meta":{"footnotes":""},"categories":[141],"tags":[114,115,149,150,32,33],"class_list":{"0":"post-34914","1":"post","2":"type-post","3":"status-publish","4":"format-standard","5":"has-post-thumbnail","7":"category-musica","8":"tag-entertainment","9":"tag-entretenimento","10":"tag-music","11":"tag-musica","12":"tag-portugal","13":"tag-pt"},"share_on_mastodon":{"url":"","error":""},"_links":{"self":[{"href":"https:\/\/www.europesays.com\/pt\/wp-json\/wp\/v2\/posts\/34914","targetHints":{"allow":["GET"]}}],"collection":[{"href":"https:\/\/www.europesays.com\/pt\/wp-json\/wp\/v2\/posts"}],"about":[{"href":"https:\/\/www.europesays.com\/pt\/wp-json\/wp\/v2\/types\/post"}],"author":[{"embeddable":true,"href":"https:\/\/www.europesays.com\/pt\/wp-json\/wp\/v2\/users\/2"}],"replies":[{"embeddable":true,"href":"https:\/\/www.europesays.com\/pt\/wp-json\/wp\/v2\/comments?post=34914"}],"version-history":[{"count":0,"href":"https:\/\/www.europesays.com\/pt\/wp-json\/wp\/v2\/posts\/34914\/revisions"}],"wp:featuredmedia":[{"embeddable":true,"href":"https:\/\/www.europesays.com\/pt\/wp-json\/wp\/v2\/media\/34915"}],"wp:attachment":[{"href":"https:\/\/www.europesays.com\/pt\/wp-json\/wp\/v2\/media?parent=34914"}],"wp:term":[{"taxonomy":"category","embeddable":true,"href":"https:\/\/www.europesays.com\/pt\/wp-json\/wp\/v2\/categories?post=34914"},{"taxonomy":"post_tag","embeddable":true,"href":"https:\/\/www.europesays.com\/pt\/wp-json\/wp\/v2\/tags?post=34914"}],"curies":[{"name":"wp","href":"https:\/\/api.w.org\/{rel}","templated":true}]}}