{"id":349750,"date":"2026-04-20T00:31:14","date_gmt":"2026-04-20T00:31:14","guid":{"rendered":"https:\/\/www.europesays.com\/pt\/349750\/"},"modified":"2026-04-20T00:31:14","modified_gmt":"2026-04-20T00:31:14","slug":"muito-longe-de-portugal-descoberta-coincidencia-unica-sobre-manuel-luis-goucha","status":"publish","type":"post","link":"https:\/\/www.europesays.com\/pt\/349750\/","title":{"rendered":"Muito longe de Portugal: descoberta coincid\u00eancia \u00fanica&#8230; sobre Manuel Lu\u00eds Goucha!"},"content":{"rendered":"<p>Recentemente, e com o habitual sentido de humor, <a href=\"https:\/\/selfie.iol.pt\/famosos\/manuel-luis-goucha\/manuel-luis-goucha-partilha-emotiva-recordacao-da-mae-esta-visao-perseguiu-me-nos-ultimos-anos\/20260417\/69e247dcd34edcee7c632886\" target=\"_blank\" rel=\"nofollow noopener\">Manuel Lu\u00eds Goucha<\/a> destacou uma coincid\u00eancia que o une a um pa\u00eds que se situa muito longe de Portugal: China.<\/p>\n<p>&#8220;Foi o sobrinho de uma amiga, a viver na China, quem descobriu que h\u00e1 uma esta\u00e7\u00e3o de metro, em Quingdao, com um nome que n\u00e3o me \u00e9 estranho!&#8221;, exclamou o apresentador na legenda de uma imagem, na qual se l\u00ea que o nome da esta\u00e7\u00e3o \u00e9 &#8220;Goucha&#8221;.<\/p>\n<p>Veja, agora, algumas das melhores imagens de Manuel Lu\u00eds Goucha nas galerias de fotografias que prepar\u00e1mos para si.<\/p>\n<blockquote class=\"instagram-media\" data-instgrm-captioned=\"\" data-instgrm-permalink=\"https:\/\/www.instagram.com\/p\/DW_JyLdlyJi\/?utm_source=ig_embed&amp;utm_campaign=loading\" data-instgrm-version=\"14\" style=\" background:#FFF; border:0; border-radius:3px; box-shadow:0 0 1px 0 rgba(0,0,0,0.5),0 1px 10px 0 rgba(0,0,0,0.15); margin: 1px; max-width:540px; min-width:326px; padding:0; width:99.375%; width:-webkit-calc(100% - 2px); width:calc(100% - 2px);\">\n<\/blockquote>\n<p>                        <script async src=\"\/\/www.instagram.com\/embed.js\"><\/script><\/p>\n","protected":false},"excerpt":{"rendered":"Recentemente, e com o habitual sentido de humor, Manuel Lu\u00eds Goucha destacou uma coincid\u00eancia que o une a&hellip;\n","protected":false},"author":2,"featured_media":349751,"comment_status":"","ping_status":"","sticky":false,"template":"","format":"standard","meta":{"footnotes":"","_share_on_mastodon":"0"},"categories":[142],"tags":[6973,358,114,115,980,28348,1015,3416,619,32,33,1012,151,162],"class_list":["post-349750","post","type-post","status-publish","format-standard","has-post-thumbnail","category-tv","tag-apresentador","tag-china","tag-entertainment","tag-entretenimento","tag-famosos","tag-goucha","tag-instagram","tag-manuel-luis-goucha","tag-nacional","tag-portugal","tag-pt","tag-selfie","tag-tv","tag-tvi"],"share_on_mastodon":{"url":"https:\/\/pubeurope.com\/@pt\/116434218808246283","error":""},"_links":{"self":[{"href":"https:\/\/www.europesays.com\/pt\/wp-json\/wp\/v2\/posts\/349750","targetHints":{"allow":["GET"]}}],"collection":[{"href":"https:\/\/www.europesays.com\/pt\/wp-json\/wp\/v2\/posts"}],"about":[{"href":"https:\/\/www.europesays.com\/pt\/wp-json\/wp\/v2\/types\/post"}],"author":[{"embeddable":true,"href":"https:\/\/www.europesays.com\/pt\/wp-json\/wp\/v2\/users\/2"}],"replies":[{"embeddable":true,"href":"https:\/\/www.europesays.com\/pt\/wp-json\/wp\/v2\/comments?post=349750"}],"version-history":[{"count":0,"href":"https:\/\/www.europesays.com\/pt\/wp-json\/wp\/v2\/posts\/349750\/revisions"}],"wp:featuredmedia":[{"embeddable":true,"href":"https:\/\/www.europesays.com\/pt\/wp-json\/wp\/v2\/media\/349751"}],"wp:attachment":[{"href":"https:\/\/www.europesays.com\/pt\/wp-json\/wp\/v2\/media?parent=349750"}],"wp:term":[{"taxonomy":"category","embeddable":true,"href":"https:\/\/www.europesays.com\/pt\/wp-json\/wp\/v2\/categories?post=349750"},{"taxonomy":"post_tag","embeddable":true,"href":"https:\/\/www.europesays.com\/pt\/wp-json\/wp\/v2\/tags?post=349750"}],"curies":[{"name":"wp","href":"https:\/\/api.w.org\/{rel}","templated":true}]}}