{"id":34991,"date":"2025-08-18T21:37:04","date_gmt":"2025-08-18T21:37:04","guid":{"rendered":"https:\/\/www.europesays.com\/pt\/34991\/"},"modified":"2025-08-18T21:37:04","modified_gmt":"2025-08-18T21:37:04","slug":"com-o-coracao-apertado-soraia-moreira-despede-se-do-namorado-big-brother","status":"publish","type":"post","link":"https:\/\/www.europesays.com\/pt\/34991\/","title":{"rendered":"Com o cora\u00e7\u00e3o apertado. Soraia Moreira despede-se do namorado &#8211; Big Brother"},"content":{"rendered":"<p style=\"margin-bottom:11px\"><strong>Soraia Moreira<\/strong>, <a href=\"https:\/\/tvi.iol.pt\/bigbrother\/search?pagina=1&amp;pesquisa=soraia+moreira\" rel=\"nofollow noopener\" target=\"_blank\">vencedora do Big Brother 2020<\/a>, partilhou com os seguidores um <strong>momento especial e emotivo vivido com o namorado<\/strong>, <a href=\"https:\/\/tvi.iol.pt\/bigbrother\/search?pagina=2&amp;pesquisa=daniel%20guerreiro\" rel=\"nofollow noopener\" target=\"_blank\">Daniel Guerreiro<\/a>. O casal, que celebrou recentemente cinco anos de relacionamento, prepara-se agora para enfrentar alguns dias de separa\u00e7\u00e3o.<\/p>\n<p>No passado s\u00e1bado, dia 16 de agosto, Soraia recorreu ao Instagram para assinalar a partida de <a href=\"https:\/\/tvi.iol.pt\/bigbrother\/search?pagina=2&amp;pesquisa=daniel%20guerreiro\" rel=\"nofollow noopener\" target=\"_blank\">Daniel<\/a>, que ir\u00e1 viajar para o Vietname e T\u00f3quio, uma experi\u00eancia que, desta vez, <strong>ser\u00e1 vivida a solo<\/strong>.<\/p>\n<p>Apesar do tom bem-humorado da publica\u00e7\u00e3o, a mensagem deixou transparecer o carinho e a cumplicidade que continuam a unir o casal desde que se conheceram na casa mais vigiada do pa\u00eds.<\/p>\n<p>\u00ab<strong>E o meu homem que vai para o Vietname e Tokyo sem mim?! \ud83c\udf0d\ud83e\udd23 Estou a brincar, estou MUiiiTo feliz por ele, como podem comprovar no TikTok \ud83d\ude02\ud83d\ude02\ud83d\ude02<\/strong>\u00bb, escreveu Soraia na legenda do registo partilhado.<\/p>\n<p>A <strong>despedida divertida conquistou os seguidores<\/strong>, que reagiram com mensagens de apoio e elogios \u00e0 rela\u00e7\u00e3o entre os dois ex-concorrentes do Big Brother, considerada por muitos uma das mais genu\u00ednas nascidas no programa.<\/p>\n<p><strong>Veja aqui a publica\u00e7\u00e3o<\/strong>:<\/p>\n<p>\u00a0<\/p>\n","protected":false},"excerpt":{"rendered":"Soraia Moreira, vencedora do Big Brother 2020, partilhou com os seguidores um momento especial e emotivo vivido com&hellip;\n","protected":false},"author":2,"featured_media":34992,"comment_status":"","ping_status":"","sticky":false,"template":"","format":"standard","meta":{"footnotes":""},"categories":[142],"tags":[331,48,329,333,328,335,336,114,115,334,332,330,13,32,33,151,162,227],"class_list":{"0":"post-34991","1":"post","2":"type-post","3":"status-publish","4":"format-standard","5":"has-post-thumbnail","7":"category-tv","8":"tag-big","9":"tag-big-brother","10":"tag-claudio-ramos","11":"tag-comentadores","12":"tag-concorrentes","13":"tag-confrontos","14":"tag-discussoes","15":"tag-entertainment","16":"tag-entretenimento","17":"tag-exclusivos","18":"tag-expulso","19":"tag-gala","20":"tag-noticias","21":"tag-portugal","22":"tag-pt","23":"tag-tv","24":"tag-tvi","25":"tag-videos"},"share_on_mastodon":{"url":"","error":""},"_links":{"self":[{"href":"https:\/\/www.europesays.com\/pt\/wp-json\/wp\/v2\/posts\/34991","targetHints":{"allow":["GET"]}}],"collection":[{"href":"https:\/\/www.europesays.com\/pt\/wp-json\/wp\/v2\/posts"}],"about":[{"href":"https:\/\/www.europesays.com\/pt\/wp-json\/wp\/v2\/types\/post"}],"author":[{"embeddable":true,"href":"https:\/\/www.europesays.com\/pt\/wp-json\/wp\/v2\/users\/2"}],"replies":[{"embeddable":true,"href":"https:\/\/www.europesays.com\/pt\/wp-json\/wp\/v2\/comments?post=34991"}],"version-history":[{"count":0,"href":"https:\/\/www.europesays.com\/pt\/wp-json\/wp\/v2\/posts\/34991\/revisions"}],"wp:featuredmedia":[{"embeddable":true,"href":"https:\/\/www.europesays.com\/pt\/wp-json\/wp\/v2\/media\/34992"}],"wp:attachment":[{"href":"https:\/\/www.europesays.com\/pt\/wp-json\/wp\/v2\/media?parent=34991"}],"wp:term":[{"taxonomy":"category","embeddable":true,"href":"https:\/\/www.europesays.com\/pt\/wp-json\/wp\/v2\/categories?post=34991"},{"taxonomy":"post_tag","embeddable":true,"href":"https:\/\/www.europesays.com\/pt\/wp-json\/wp\/v2\/tags?post=34991"}],"curies":[{"name":"wp","href":"https:\/\/api.w.org\/{rel}","templated":true}]}}