{"id":350308,"date":"2026-04-20T12:29:14","date_gmt":"2026-04-20T12:29:14","guid":{"rendered":"https:\/\/www.europesays.com\/pt\/350308\/"},"modified":"2026-04-20T12:29:14","modified_gmt":"2026-04-20T12:29:14","slug":"bia-kicis-compartilha-video-de-estreia-de-filme-sobre-bolsonaro","status":"publish","type":"post","link":"https:\/\/www.europesays.com\/pt\/350308\/","title":{"rendered":"Bia Kicis compartilha v\u00eddeo de estreia de filme sobre Bolsonaro"},"content":{"rendered":"<p dir=\"ltr\">A deputada federal Bia Kicis (PL-DF) compartilhou, neste domingo, imagens de apoiadores durante a pr\u00e9-estreia do document\u00e1rio A Colis\u00e3o dos Destinos, que retrata a trajet\u00f3ria do ex-presidente Jair Bolsonaro. \u201cVolta @jairmessiasbolsonaro\u201d, escreveu a parlamentar, em refer\u00eancia ao grito de \u201cVolta, Bolsonaro\u201d entoado pelos apoiadores na sala de cinema.\u00a0<\/p>\n<p dir=\"ltr\">O v\u00eddeo, publicado pela vereadora Marina Braga (PL-SP), de S\u00e3o Bernardo do Campo mostra a exibi\u00e7\u00e3o do longa no s\u00e1bado (18\/4), que tem a estreia oficial prevista para 14 de maio. A pr\u00e9-estreia atraiu aliados pol\u00edticos e eleitores do <a href=\"https:\/\/www.correiobraziliense.com.br\/politica\/2026\/04\/7396058-datafolha-maioria-dos-brasileiros-apoia-prisao-domiciliar-de-bolsonaro.html\" target=\"_blank\" rel=\"nofollow noopener\">ex-presidente<\/a>, que est\u00e1 ineleg\u00edvel, ap\u00f3s ser condenado a 27 anos de pris\u00e3o por tentativa de golpe de Estado.\u00a0<\/p>\n<p dir=\"ltr\">Descrito como um filme que traz \u201cbastidores in\u00e9ditos, desafios enfrentados e marco [de Bolsonaro] no pa\u00eds\u201d, o document\u00e1rio dirigido\u00a0por Doriel Francisco foi amplamente divulgado pela ala bolsonarista, inclusive pelo<a href=\"https:\/\/www.correiobraziliense.com.br\/politica\/2026\/04\/7398224-flavio-bolsonaro-e-moderado-pesquisa-revela-percepcao-do-brasileiro.html\" target=\"_blank\" rel=\"nofollow noopener\"> pr\u00e9-candidato \u00e0 presid\u00eancia Fl\u00e1vio Bolsonaro<\/a>, filho do ex-mandat\u00e1rio.\u00a0O l\u00edder do PL na C\u00e2mara, deputado S\u00f3stenes Cavalcante (RJ), afirmou que A Colis\u00e3o dos Destinos deve ser utilizado na pr\u00e9-campanha de Fl\u00e1vio, o que levantou d\u00favidas jur\u00eddicas sobre a divulga\u00e7\u00e3o do document\u00e1rio em ano eleitoral. Ele pretende exibir o longa em locais p\u00fablicos do Rio de Janeiro.\u00a0<\/p>\n<p class=\"texto\">O apoio \u00e0 candidatura de Fl\u00e1vio Bolsonaro veio ap\u00f3s indica\u00e7\u00e3o do pai, que est\u00e1 preso na Papudinha, condenado a 27 anos pela participa\u00e7\u00e3o na trama golpista que culminou nos atos antidemocr\u00e1ticos de 8 de janeiro. Antes da condena\u00e7\u00e3o, a postura do PL era de insist\u00eancia na candidatura de Jair Bolsonaro, que j\u00e1 estava ineleg\u00edvel por abuso de poder pol\u00edtico e uso indevido de meios de comunica\u00e7\u00e3o. O caso ocorreu em 2023, em reuni\u00e3o televisionada com embaixadores estrangeiros no Pal\u00e1cio da Alvorada, em que o ent\u00e3o presidente proferiu ataques sem provas ao sistema eleitoral.\u00a0<\/p>\n<p>\u00a0              <\/p>\n<ul>\n<li><a href=\"https:\/\/wa.me\/?text=Bia+Kicis+compartilha+v%C3%ADdeo+de+estreia+de+filme+sobre+Bolsonaro%20https:\/\/www.correiobraziliense.com.br\/politica\/2026\/04\/7401525-bia-kicis-compartilha-video-de-estreia-de-filme-sobre-bolsonaro.html\" target=\"_blank\" title=\"Whatsapp\" aria-label=\"WhatsApp\" rel=\"nofollow noopener\"><\/a><\/li>\n<li><a href=\"https:\/\/www.facebook.com\/sharer.php?u=https:\/\/www.correiobraziliense.com.br%2Fpolitica%2F2026%2F04%2F7401525-bia-kicis-compartilha-video-de-estreia-de-filme-sobre-bolsonaro.html&amp;text=Bia+Kicis+compartilha+v%C3%ADdeo+de+estreia+de+filme+sobre+Bolsonaro\" target=\"_blank\" title=\"Facebook\" aria-label=\"Facebook\" rel=\"nofollow noopener\"><\/a><\/li>\n<li><a href=\"https:\/\/twitter.com\/intent\/tweet?url=https:\/\/www.correiobraziliense.com.br%2Fpolitica%2F2026%2F04%2F7401525-bia-kicis-compartilha-video-de-estreia-de-filme-sobre-bolsonaro.html&amp;text=Bia+Kicis+compartilha+v%C3%ADdeo+de+estreia+de+filme+sobre+Bolsonaro\" target=\"_blank\" title=\"Twitter\" aria-label=\"Twitter\" rel=\"nofollow noopener\"><\/a><\/li>\n<li><a href=\"https:\/\/profile.google.com\/cp\/CgovbS8wNzZ0dms1\" title=\"Google Discover\" target=\"_blank\" aria-label=\"Google Discover\" rel=\"nofollow noopener\"><img decoding=\"async\" src=\"https:\/\/www.europesays.com\/pt\/wp-content\/uploads\/2026\/04\/1776006193_530_google-discover-icon.png\" style=\"height: 25px; margin: 0 !important; margin-left: 3px;\" alt=\"Google Discover Icon\"\/><\/a><\/li>\n<\/ul>\n<p>              <a href=\"https:\/\/www.correiobraziliense.com.br\/autor\/gabriella-braz\/page\/1\/\" style=\"height: 100%;\" rel=\"nofollow noopener\" target=\"_blank\"><img decoding=\"async\" class=\"hidden-print author-circle d-block h6 mt-0 mb-0 mr-6 text-center\" src=\"https:\/\/www.europesays.com\/pt\/wp-content\/uploads\/2025\/07\/whatsapp_image_2023_10_10_at_19_18_18-30054727.jpeg\" alt=\"\" width=\"40\" height=\"40\" loading=\"lazy\" style=\"object-fit:cover; width: 40px; height: 40px; margin-right:10px;\"\/><\/a><a href=\"https:\/\/www.correiobraziliense.com.br\/autor\/gabriella-braz\/page\/1\/\" rel=\"nofollow noopener\" target=\"_blank\"><img decoding=\"async\" class=\"hidden-print author-circle d-block h6 mt-0 mb-0 mr-6 text-center\" src=\"https:\/\/www.europesays.com\/pt\/wp-content\/uploads\/2025\/07\/whatsapp_image_2023_10_10_at_19_18_18-30054727.jpeg\" alt=\"\" width=\"40\" height=\"40\" loading=\"lazy\" style=\"object-fit:cover; width: 40px; height: 40px; margin-right:10px;\"\/><\/a>Gabriella Braz  <strong class=\"entryStrongAuthor\">Rep\u00f3rter<\/strong><\/p>\n<p class=\"entryDescricaoAuthor\">Jornalista pela UnB, piauiense residente no DF, escritora e entusiasta de temas relacionados \u00e0 educa\u00e7\u00e3o e meio ambiente. Tem passagens pelo EuEstudante, assessorias e pela Empresa Brasil de Comunica\u00e7\u00e3o (EBC).<\/p>\n<p>                          <script async src=\"https:\/\/platform.twitter.com\/widgets.js\" charset=\"utf-8\"><\/script><\/p>\n","protected":false},"excerpt":{"rendered":"A deputada federal Bia Kicis (PL-DF) compartilhou, neste domingo, imagens de apoiadores durante a pr\u00e9-estreia do document\u00e1rio A&hellip;\n","protected":false},"author":2,"featured_media":350309,"comment_status":"","ping_status":"","sticky":false,"template":"","format":"standard","meta":{"footnotes":"","_share_on_mastodon":"0"},"categories":[140],"tags":[59957,59958,1543,114,115,147,148,1125,59959,146,32,33,2739],"class_list":["post-350308","post","type-post","status-publish","format-standard","has-post-thumbnail","category-filmes","tag-bia","tag-bia-kicis","tag-bolsonaro","tag-entertainment","tag-entretenimento","tag-film","tag-filmes","tag-jair-bolsonaro","tag-kicis","tag-movies","tag-portugal","tag-pt","tag-x"],"share_on_mastodon":{"url":"https:\/\/pubeurope.com\/@pt\/116437042782738483","error":""},"_links":{"self":[{"href":"https:\/\/www.europesays.com\/pt\/wp-json\/wp\/v2\/posts\/350308","targetHints":{"allow":["GET"]}}],"collection":[{"href":"https:\/\/www.europesays.com\/pt\/wp-json\/wp\/v2\/posts"}],"about":[{"href":"https:\/\/www.europesays.com\/pt\/wp-json\/wp\/v2\/types\/post"}],"author":[{"embeddable":true,"href":"https:\/\/www.europesays.com\/pt\/wp-json\/wp\/v2\/users\/2"}],"replies":[{"embeddable":true,"href":"https:\/\/www.europesays.com\/pt\/wp-json\/wp\/v2\/comments?post=350308"}],"version-history":[{"count":0,"href":"https:\/\/www.europesays.com\/pt\/wp-json\/wp\/v2\/posts\/350308\/revisions"}],"wp:featuredmedia":[{"embeddable":true,"href":"https:\/\/www.europesays.com\/pt\/wp-json\/wp\/v2\/media\/350309"}],"wp:attachment":[{"href":"https:\/\/www.europesays.com\/pt\/wp-json\/wp\/v2\/media?parent=350308"}],"wp:term":[{"taxonomy":"category","embeddable":true,"href":"https:\/\/www.europesays.com\/pt\/wp-json\/wp\/v2\/categories?post=350308"},{"taxonomy":"post_tag","embeddable":true,"href":"https:\/\/www.europesays.com\/pt\/wp-json\/wp\/v2\/tags?post=350308"}],"curies":[{"name":"wp","href":"https:\/\/api.w.org\/{rel}","templated":true}]}}