{"id":35032,"date":"2025-08-18T22:29:15","date_gmt":"2025-08-18T22:29:15","guid":{"rendered":"https:\/\/www.europesays.com\/pt\/35032\/"},"modified":"2025-08-18T22:29:15","modified_gmt":"2025-08-18T22:29:15","slug":"radio-educadora-fm-dois-vizinhos-pr-8","status":"publish","type":"post","link":"https:\/\/www.europesays.com\/pt\/35032\/","title":{"rendered":"R\u00e1dio Educadora FM &#8211; Dois Vizinhos PR."},"content":{"rendered":"<p>\n                            Uma mulher ficou ferida e outras duas pessoas sa\u00edram ilesas&#8230;                        <\/p>\n<p style=\"text-align: justify;\">Na noite de s\u00e1bado, dia 16, foi registrado um acidente de tr\u00e2nsito, em Dois Vizinhos. A colis\u00e3o envolvendo um Lifan\/320 e um Peugeot\/307 foi registrada por volta de 21h04min, na rodovia PR-281, nas proximidades do motel Lizzi. De acordo com as informa\u00e7\u00f5es, uma mulher sofreu ferimentos e foi encaminhada ao hospital Pr\u00f3-Vida. Outras duas pessoas, entre elas uma adolescente, sa\u00edram ilesas. Corpo de Bombeiros e SAMU atenderam a ocorr\u00eancia. A PRE tamb\u00e9m foi acionada para registrar o boletim de acidente de tr\u00e2nsito.<br \/>Rep\u00f3rter Islan Roque\/Portal Educadora<\/p>\n","protected":false},"excerpt":{"rendered":"Uma mulher ficou ferida e outras duas pessoas sa\u00edram ilesas&#8230; Na noite de s\u00e1bado, dia 16, foi registrado&hellip;\n","protected":false},"author":2,"featured_media":35033,"comment_status":"","ping_status":"","sticky":false,"template":"","format":"standard","meta":{"footnotes":""},"categories":[141],"tags":[3050,3056,3054,3055,3051,3052,114,115,1914,1915,149,150,3053,32,33,766],"class_list":{"0":"post-35032","1":"post","2":"type-post","3":"status-publish","4":"format-standard","5":"has-post-thumbnail","7":"category-musica","8":"tag-am","9":"tag-ao-vivo","10":"tag-dois-vizinhos","11":"tag-doisvizinhos","12":"tag-educadora","13":"tag-educadoradv","14":"tag-entertainment","15":"tag-entretenimento","16":"tag-fm","17":"tag-mp3","18":"tag-music","19":"tag-musica","20":"tag-player","21":"tag-portugal","22":"tag-pt","23":"tag-radio"},"share_on_mastodon":{"url":"","error":""},"_links":{"self":[{"href":"https:\/\/www.europesays.com\/pt\/wp-json\/wp\/v2\/posts\/35032","targetHints":{"allow":["GET"]}}],"collection":[{"href":"https:\/\/www.europesays.com\/pt\/wp-json\/wp\/v2\/posts"}],"about":[{"href":"https:\/\/www.europesays.com\/pt\/wp-json\/wp\/v2\/types\/post"}],"author":[{"embeddable":true,"href":"https:\/\/www.europesays.com\/pt\/wp-json\/wp\/v2\/users\/2"}],"replies":[{"embeddable":true,"href":"https:\/\/www.europesays.com\/pt\/wp-json\/wp\/v2\/comments?post=35032"}],"version-history":[{"count":0,"href":"https:\/\/www.europesays.com\/pt\/wp-json\/wp\/v2\/posts\/35032\/revisions"}],"wp:featuredmedia":[{"embeddable":true,"href":"https:\/\/www.europesays.com\/pt\/wp-json\/wp\/v2\/media\/35033"}],"wp:attachment":[{"href":"https:\/\/www.europesays.com\/pt\/wp-json\/wp\/v2\/media?parent=35032"}],"wp:term":[{"taxonomy":"category","embeddable":true,"href":"https:\/\/www.europesays.com\/pt\/wp-json\/wp\/v2\/categories?post=35032"},{"taxonomy":"post_tag","embeddable":true,"href":"https:\/\/www.europesays.com\/pt\/wp-json\/wp\/v2\/tags?post=35032"}],"curies":[{"name":"wp","href":"https:\/\/api.w.org\/{rel}","templated":true}]}}